{"id":785,"date":"2019-06-20T16:40:16","date_gmt":"2019-06-20T14:40:16","guid":{"rendered":"http:\/\/agora.xtec.cat\/cfasebastiajuanarbo\/?p=785"},"modified":"2019-06-20T16:41:07","modified_gmt":"2019-06-20T14:41:07","slug":"sortida-a-la-foradada","status":"publish","type":"post","link":"https:\/\/agora.xtec.cat\/cfasebastiajuanarbo\/general\/sortida-a-la-foradada\/","title":{"rendered":"SORTIDA A LA FORADADA"},"content":{"rendered":"<p style=\"text-align: center;\">SORTIDA A LA FORADADA<\/p>\n<p><img loading=\"lazy\" decoding=\"async\" class=\" wp-image-786 aligncenter\" src=\"https:\/\/agora.xtec.cat\/cfasebastiajuanarbo\/wp-content\/uploads\/usu957\/2019\/06\/ForadadaCFA2019_opt.jpg\" alt=\"\" width=\"473\" height=\"355\" srcset=\"https:\/\/agora.xtec.cat\/cfasebastiajuanarbo\/wp-content\/uploads\/usu957\/2019\/06\/ForadadaCFA2019_opt.jpg 400w, https:\/\/agora.xtec.cat\/cfasebastiajuanarbo\/wp-content\/uploads\/usu957\/2019\/06\/ForadadaCFA2019_opt-300x225.jpg 300w, https:\/\/agora.xtec.cat\/cfasebastiajuanarbo\/wp-content\/uploads\/usu957\/2019\/06\/ForadadaCFA2019_opt-200x150.jpg 200w\" sizes=\"auto, (max-width: 473px) 100vw, 473px\" \/><\/p>\n<p style=\"text-align: justify;\">El 10 de maig de 2019, professorat i alumnes del CFA Sebasti\u00e0 Juan Arb\u00f3 vam fer una sortida a la Foradada.<\/p>\n<p style=\"text-align: justify;\">Jo m\u2019hi vaig apuntar a contracor . No hi havia anat mai i em feia una mica de por, per\u00f2 els amics que hi havien estat deien que la vista del Delta de l\u2019Ebre era espectacular i tampoc m\u2019ho volia perdre&#8230; I no me\u2019n penedeixo gens.<\/p>\n<p style=\"text-align: justify;\">El dia es va despertar espl\u00e8ndid i la colla que vam formar era m\u00e9s espl\u00e8ndida encara. Vam deixar els cotxes al p\u00e0rquing del Coc\u00f3 de Jordi i vam fer pujada cap a la Font del Burgar. Les piques estaven plenes d\u2019aigua i de vida i aix\u00f2 ens va animar a continuar .<\/p>\n<p style=\"text-align: justify;\">El paisatge pel Bosc del Burgar va resultar buc\u00f2lic. El sender de pujada va ser prou suau i a trams ombriu. Tamb\u00e9 vam poder observar la m\u00e0 del home amb les restes d\u2019antics forns de cal\u00e7 i les runes del mas de Mata-Redona.<\/p>\n<p style=\"text-align: justify;\">Els \u00faltims metres van resultar els m\u00e9s escarpats per\u00f2 cadasc\u00fa anava al seu ritme i, quan ens trob\u00e0vem cansats, ens anim\u00e0vem els uns als altres o aprofit\u00e0vem per fer fotos a les vistes que ens oferia l\u2019al\u00e7ada.<\/p>\n<p style=\"text-align: justify;\">Finalment vam fer el cim i l\u2019esperada pedra foradada ens va donar la benvinguda. L\u2019objectiu s\u2019havia complert, nom\u00e9s ens quedava treure el cap i gaudir del paisatge. El Delta i els seus pobles es veien perfectes. Vam fer-nos moltes fotos i, despr\u00e9s de recuperar forces, ens vam preparar per a la tornada.<\/p>\n<p style=\"text-align: justify;\">La baixada la vam fer pel mateix cam\u00ed i va resultar m\u00e9s agradable i molt m\u00e9s curt que la pujada. Tots est\u00e0vem cansats per\u00f2 tamb\u00e9 molt emocionats per haver finalitzat el nostre viatge tan gratament. Hav\u00edem gaudit tant de les vistes com de la companyia. Va ser una experi\u00e8ncia inoblidable.\u00a0 Moltes gr\u00e0cies companys del CFA Sebasti\u00e0 Juan Arb\u00f3 per haver-la compartit!!!<\/p>\n","protected":false},"excerpt":{"rendered":"<p>SORTIDA A LA FORADADA<\/p>\n<p>El 10 de maig de 2019, professorat i alumnes del CFA Sebasti\u00e0 Juan Arb\u00f3 vam fer una sortida a la Foradada.<br \/>\nJo m\u2019hi vaig apuntar a contracor . No hi havia anat mai i em feia una mica de por, per\u00f2 els amics&hellip;  <a href=\"https:\/\/agora.xtec.cat\/cfasebastiajuanarbo\/general\/sortida-a-la-foradada\/\" title=\"Read SORTIDA A LA FORADADA\">Llegeix m\u00e9s\u00bb<\/a><\/p>\n","protected":false},"author":3,"featured_media":786,"comment_status":"open","ping_status":"closed","sticky":false,"template":"","format":"standard","meta":{"_bbp_topic_count":0,"_bbp_reply_count":0,"_bbp_total_topic_count":0,"_bbp_total_reply_count":0,"_bbp_voice_count":0,"_bbp_anonymous_reply_count":0,"_bbp_topic_count_hidden":0,"_bbp_reply_count_hidden":0,"_bbp_forum_subforum_count":0,"footnotes":""},"categories":[59,1,29],"tags":[],"class_list":["post-785","post","type-post","status-publish","format-standard","has-post-thumbnail","hentry","category-centre","category-general","category-portada"],"post_mailing_queue_ids":[],"_links":{"self":[{"href":"https:\/\/agora.xtec.cat\/cfasebastiajuanarbo\/wp-json\/wp\/v2\/posts\/785","targetHints":{"allow":["GET"]}}],"collection":[{"href":"https:\/\/agora.xtec.cat\/cfasebastiajuanarbo\/wp-json\/wp\/v2\/posts"}],"about":[{"href":"https:\/\/agora.xtec.cat\/cfasebastiajuanarbo\/wp-json\/wp\/v2\/types\/post"}],"author":[{"embeddable":true,"href":"https:\/\/agora.xtec.cat\/cfasebastiajuanarbo\/wp-json\/wp\/v2\/users\/3"}],"replies":[{"embeddable":true,"href":"https:\/\/agora.xtec.cat\/cfasebastiajuanarbo\/wp-json\/wp\/v2\/comments?post=785"}],"version-history":[{"count":3,"href":"https:\/\/agora.xtec.cat\/cfasebastiajuanarbo\/wp-json\/wp\/v2\/posts\/785\/revisions"}],"predecessor-version":[{"id":790,"href":"https:\/\/agora.xtec.cat\/cfasebastiajuanarbo\/wp-json\/wp\/v2\/posts\/785\/revisions\/790"}],"wp:featuredmedia":[{"embeddable":true,"href":"https:\/\/agora.xtec.cat\/cfasebastiajuanarbo\/wp-json\/wp\/v2\/media\/786"}],"wp:attachment":[{"href":"https:\/\/agora.xtec.cat\/cfasebastiajuanarbo\/wp-json\/wp\/v2\/media?parent=785"}],"wp:term":[{"taxonomy":"category","embeddable":true,"href":"https:\/\/agora.xtec.cat\/cfasebastiajuanarbo\/wp-json\/wp\/v2\/categories?post=785"},{"taxonomy":"post_tag","embeddable":true,"href":"https:\/\/agora.xtec.cat\/cfasebastiajuanarbo\/wp-json\/wp\/v2\/tags?post=785"}],"curies":[{"name":"wp","href":"https:\/\/api.w.org\/{rel}","templated":true}]}}