{"id":632,"date":"2018-03-14T19:02:19","date_gmt":"2018-03-14T18:02:19","guid":{"rendered":"http:\/\/agora.xtec.cat\/cfasebastiajuanarbo\/?p=632"},"modified":"2018-03-14T19:16:32","modified_gmt":"2018-03-14T18:16:32","slug":"forum-jove-2018","status":"publish","type":"post","link":"https:\/\/agora.xtec.cat\/cfasebastiajuanarbo\/general\/forum-jove-2018\/","title":{"rendered":"F\u00f2rum Jove 2018"},"content":{"rendered":"<p><strong>F\u00f2rum Jove 2018<\/strong><\/p>\n<p><img loading=\"lazy\" decoding=\"async\" class=\" wp-image-633 aligncenter\" src=\"http:\/\/agora.xtec.cat\/cfasebastiajuanarbo\/wp-content\/uploads\/usu957\/2018\/03\/Captura-de-pantalla-2018-03-14-a-las-18.51.21-300x58.png\" alt=\"\" width=\"615\" height=\"119\" srcset=\"https:\/\/agora.xtec.cat\/cfasebastiajuanarbo\/wp-content\/uploads\/usu957\/2018\/03\/Captura-de-pantalla-2018-03-14-a-las-18.51.21-300x58.png 300w, https:\/\/agora.xtec.cat\/cfasebastiajuanarbo\/wp-content\/uploads\/usu957\/2018\/03\/Captura-de-pantalla-2018-03-14-a-las-18.51.21-768x149.png 768w, https:\/\/agora.xtec.cat\/cfasebastiajuanarbo\/wp-content\/uploads\/usu957\/2018\/03\/Captura-de-pantalla-2018-03-14-a-las-18.51.21.png 993w\" sizes=\"auto, (max-width: 615px) 100vw, 615px\" \/><\/p>\n<p style=\"text-align: justify;\">L\u2019escola d\u2019adults Sebasti\u00e0 Juan Arb\u00f3 est\u00e0 present al 3r sal\u00f3 de l\u2019ensenyament de les Terres de l\u2019Ebre, que es celebra del 14 al 16 de mar\u00e7 al pavell\u00f3 firal d\u2019Amposta.<\/p>\n<p style=\"text-align: justify;\"><img loading=\"lazy\" decoding=\"async\" class=\"alignleft wp-image-640\" src=\"http:\/\/agora.xtec.cat\/cfasebastiajuanarbo\/wp-content\/uploads\/usu957\/2018\/03\/IMG-20180314-WA0006-300x225.jpg\" alt=\"\" width=\"158\" height=\"119\" srcset=\"https:\/\/agora.xtec.cat\/cfasebastiajuanarbo\/wp-content\/uploads\/usu957\/2018\/03\/IMG-20180314-WA0006-300x225.jpg 300w, https:\/\/agora.xtec.cat\/cfasebastiajuanarbo\/wp-content\/uploads\/usu957\/2018\/03\/IMG-20180314-WA0006-768x576.jpg 768w, https:\/\/agora.xtec.cat\/cfasebastiajuanarbo\/wp-content\/uploads\/usu957\/2018\/03\/IMG-20180314-WA0006-1024x768.jpg 1024w, https:\/\/agora.xtec.cat\/cfasebastiajuanarbo\/wp-content\/uploads\/usu957\/2018\/03\/IMG-20180314-WA0006-200x150.jpg 200w, https:\/\/agora.xtec.cat\/cfasebastiajuanarbo\/wp-content\/uploads\/usu957\/2018\/03\/IMG-20180314-WA0006.jpg 1599w\" sizes=\"auto, (max-width: 158px) 100vw, 158px\" \/>En el nostre estand\u00a0disposeu de tota la informaci\u00f3 referent als cursos que impartim, titulacions oficials d\u2019inform\u00e0tica, lleng\u00fces, etc.<\/p>\n<p style=\"text-align: justify;\">Vine a informar-te i rep atenci\u00f3 i orientaci\u00f3 personalitzada. T\u2019esperem !<\/p>\n","protected":false},"excerpt":{"rendered":"<p>F\u00f2rum Jove 2018<\/p>\n<p>L\u2019escola d\u2019adults Sebasti\u00e0 Juan Arb\u00f3 est\u00e0 present al 3r sal\u00f3 de l\u2019ensenyament de les Terres de l\u2019Ebre, que es celebra del 14 al 16 de mar\u00e7 al pavell\u00f3 firal d\u2019Amposta.<br \/>\nEn el nostre estand\u00a0disposeu de tota la informaci\u00f3 referent als cursos que impartim, titulacions&hellip;  <a href=\"https:\/\/agora.xtec.cat\/cfasebastiajuanarbo\/general\/forum-jove-2018\/\" title=\"Read F\u00f2rum Jove 2018\">Llegeix m\u00e9s\u00bb<\/a><\/p>\n","protected":false},"author":3,"featured_media":633,"comment_status":"open","ping_status":"closed","sticky":false,"template":"","format":"standard","meta":{"_bbp_topic_count":0,"_bbp_reply_count":0,"_bbp_total_topic_count":0,"_bbp_total_reply_count":0,"_bbp_voice_count":0,"_bbp_anonymous_reply_count":0,"_bbp_topic_count_hidden":0,"_bbp_reply_count_hidden":0,"_bbp_forum_subforum_count":0,"footnotes":""},"categories":[1,29],"tags":[],"class_list":["post-632","post","type-post","status-publish","format-standard","has-post-thumbnail","hentry","category-general","category-portada"],"post_mailing_queue_ids":[],"_links":{"self":[{"href":"https:\/\/agora.xtec.cat\/cfasebastiajuanarbo\/wp-json\/wp\/v2\/posts\/632","targetHints":{"allow":["GET"]}}],"collection":[{"href":"https:\/\/agora.xtec.cat\/cfasebastiajuanarbo\/wp-json\/wp\/v2\/posts"}],"about":[{"href":"https:\/\/agora.xtec.cat\/cfasebastiajuanarbo\/wp-json\/wp\/v2\/types\/post"}],"author":[{"embeddable":true,"href":"https:\/\/agora.xtec.cat\/cfasebastiajuanarbo\/wp-json\/wp\/v2\/users\/3"}],"replies":[{"embeddable":true,"href":"https:\/\/agora.xtec.cat\/cfasebastiajuanarbo\/wp-json\/wp\/v2\/comments?post=632"}],"version-history":[{"count":3,"href":"https:\/\/agora.xtec.cat\/cfasebastiajuanarbo\/wp-json\/wp\/v2\/posts\/632\/revisions"}],"predecessor-version":[{"id":642,"href":"https:\/\/agora.xtec.cat\/cfasebastiajuanarbo\/wp-json\/wp\/v2\/posts\/632\/revisions\/642"}],"wp:featuredmedia":[{"embeddable":true,"href":"https:\/\/agora.xtec.cat\/cfasebastiajuanarbo\/wp-json\/wp\/v2\/media\/633"}],"wp:attachment":[{"href":"https:\/\/agora.xtec.cat\/cfasebastiajuanarbo\/wp-json\/wp\/v2\/media?parent=632"}],"wp:term":[{"taxonomy":"category","embeddable":true,"href":"https:\/\/agora.xtec.cat\/cfasebastiajuanarbo\/wp-json\/wp\/v2\/categories?post=632"},{"taxonomy":"post_tag","embeddable":true,"href":"https:\/\/agora.xtec.cat\/cfasebastiajuanarbo\/wp-json\/wp\/v2\/tags?post=632"}],"curies":[{"name":"wp","href":"https:\/\/api.w.org\/{rel}","templated":true}]}}