{"id":3266,"date":"2026-03-13T10:46:26","date_gmt":"2026-03-13T09:46:26","guid":{"rendered":"https:\/\/agora.xtec.cat\/cfasebastiajuanarbo\/?p=3266"},"modified":"2026-03-13T10:46:26","modified_gmt":"2026-03-13T09:46:26","slug":"alimentacio-conscient-i-saludable","status":"publish","type":"post","link":"https:\/\/agora.xtec.cat\/cfasebastiajuanarbo\/general\/alimentacio-conscient-i-saludable\/","title":{"rendered":"Alimentaci\u00f3 conscient i saludable"},"content":{"rendered":"<p>Dintre del programa organitzat per la coordinaci\u00f3 de Coeducaci\u00f3, Conviv\u00e8ncia i Benestar, el 12 de mar\u00e7, ha tingut lloc la segona xerrada amb l\u2019objectiu d\u2019oferir recursos i eines pr\u00e0ctiques per planificar els \u00e0pats d\u2019una manera conscient, saludable, equilibrada i variada.<\/p>\n<p>La xerrada ha estat tot un \u00e8xit d\u2019assist\u00e8ncia i participaci\u00f3. A m\u00e9s, en finalitzar la sessi\u00f3, l\u2019alumnat ha tingut l\u2019oportunitat de formular preguntes sobre alimentaci\u00f3 i resoldre dubtes amb la nutricionista del CAP i de la zona del Montsi\u00e0, Evelin Mascarell.<\/p>\n<p>Molt\u00edssimes gr\u00e0cies a tothom per participar-hi!<\/p>\n<div style=\"width: 720px;\" class=\"wp-video\"><!--[if lt IE 9]><script>document.createElement('video');<\/script><![endif]-->\n<video class=\"wp-video-shortcode\" id=\"video-3266-1\" width=\"720\" height=\"720\" preload=\"metadata\" controls=\"controls\"><source type=\"video\/mp4\" src=\"https:\/\/agora.xtec.cat\/cfasebastiajuanarbo\/wp-content\/uploads\/usu957\/2026\/03\/Video-xerrada-alimentacio.mp4?_=1\" \/><a href=\"https:\/\/agora.xtec.cat\/cfasebastiajuanarbo\/wp-content\/uploads\/usu957\/2026\/03\/Video-xerrada-alimentacio.mp4\">https:\/\/agora.xtec.cat\/cfasebastiajuanarbo\/wp-content\/uploads\/usu957\/2026\/03\/Video-xerrada-alimentacio.mp4<\/a><\/video><\/div>\n","protected":false},"excerpt":{"rendered":"<p>Dintre del programa organitzat per la coordinaci\u00f3 de Coeducaci\u00f3, Conviv\u00e8ncia i Benestar, el 12 de mar\u00e7, ha tingut lloc la segona xerrada amb l\u2019objectiu d\u2019oferir recursos i eines pr\u00e0ctiques per planificar els \u00e0pats d\u2019una manera conscient, saludable, equilibrada i variada.<br \/>\nLa xerrada ha estat tot un&hellip;  <a href=\"https:\/\/agora.xtec.cat\/cfasebastiajuanarbo\/general\/alimentacio-conscient-i-saludable\/\" title=\"Read Alimentaci\u00f3 conscient i saludable\">Llegeix m\u00e9s\u00bb<\/a><\/p>\n","protected":false},"author":1,"featured_media":0,"comment_status":"open","ping_status":"open","sticky":false,"template":"","format":"standard","meta":{"_bbp_topic_count":0,"_bbp_reply_count":0,"_bbp_total_topic_count":0,"_bbp_total_reply_count":0,"_bbp_voice_count":0,"_bbp_anonymous_reply_count":0,"_bbp_topic_count_hidden":0,"_bbp_reply_count_hidden":0,"_bbp_forum_subforum_count":0,"footnotes":""},"categories":[59,1,29],"tags":[],"class_list":["post-3266","post","type-post","status-publish","format-standard","hentry","category-centre","category-general","category-portada"],"post_mailing_queue_ids":[],"_links":{"self":[{"href":"https:\/\/agora.xtec.cat\/cfasebastiajuanarbo\/wp-json\/wp\/v2\/posts\/3266","targetHints":{"allow":["GET"]}}],"collection":[{"href":"https:\/\/agora.xtec.cat\/cfasebastiajuanarbo\/wp-json\/wp\/v2\/posts"}],"about":[{"href":"https:\/\/agora.xtec.cat\/cfasebastiajuanarbo\/wp-json\/wp\/v2\/types\/post"}],"author":[{"embeddable":true,"href":"https:\/\/agora.xtec.cat\/cfasebastiajuanarbo\/wp-json\/wp\/v2\/users\/1"}],"replies":[{"embeddable":true,"href":"https:\/\/agora.xtec.cat\/cfasebastiajuanarbo\/wp-json\/wp\/v2\/comments?post=3266"}],"version-history":[{"count":1,"href":"https:\/\/agora.xtec.cat\/cfasebastiajuanarbo\/wp-json\/wp\/v2\/posts\/3266\/revisions"}],"predecessor-version":[{"id":3268,"href":"https:\/\/agora.xtec.cat\/cfasebastiajuanarbo\/wp-json\/wp\/v2\/posts\/3266\/revisions\/3268"}],"wp:attachment":[{"href":"https:\/\/agora.xtec.cat\/cfasebastiajuanarbo\/wp-json\/wp\/v2\/media?parent=3266"}],"wp:term":[{"taxonomy":"category","embeddable":true,"href":"https:\/\/agora.xtec.cat\/cfasebastiajuanarbo\/wp-json\/wp\/v2\/categories?post=3266"},{"taxonomy":"post_tag","embeddable":true,"href":"https:\/\/agora.xtec.cat\/cfasebastiajuanarbo\/wp-json\/wp\/v2\/tags?post=3266"}],"curies":[{"name":"wp","href":"https:\/\/api.w.org\/{rel}","templated":true}]}}