{"id":3256,"date":"2026-03-13T10:13:50","date_gmt":"2026-03-13T09:13:50","guid":{"rendered":"https:\/\/agora.xtec.cat\/cfasebastiajuanarbo\/?p=3256"},"modified":"2026-03-13T10:13:50","modified_gmt":"2026-03-13T09:13:50","slug":"conferencia-de-la-guerra-civil-a-lebre","status":"publish","type":"post","link":"https:\/\/agora.xtec.cat\/cfasebastiajuanarbo\/general\/conferencia-de-la-guerra-civil-a-lebre\/","title":{"rendered":"Confer\u00e8ncia de la guerra civil a l&#8217;Ebre."},"content":{"rendered":"<p>El passat dimarts 10 de febrer vam poder asistir a una interessant confer\u00e8ncia sobre la Guerra Civil a les Terres de l&#8217;Ebre. Volem donar les gr\u00e0cies al Roc Salvad\u00f3 per la seva, sempre bona, disposici\u00f3 i la seva generositat per compartir amb nosaltres els seus coneixements sobre aquest tema.<\/p>\n<div style=\"width: 1280px;\" class=\"wp-video\"><!--[if lt IE 9]><script>document.createElement('video');<\/script><![endif]-->\n<video class=\"wp-video-shortcode\" id=\"video-3256-1\" width=\"1280\" height=\"720\" preload=\"metadata\" controls=\"controls\"><source type=\"video\/mp4\" src=\"https:\/\/agora.xtec.cat\/cfasebastiajuanarbo\/wp-content\/uploads\/usu957\/2026\/03\/VIDEO-Conferencia-guerra-civil-10-2-26-amb-so.mp4?_=1\" \/><a href=\"https:\/\/agora.xtec.cat\/cfasebastiajuanarbo\/wp-content\/uploads\/usu957\/2026\/03\/VIDEO-Conferencia-guerra-civil-10-2-26-amb-so.mp4\">https:\/\/agora.xtec.cat\/cfasebastiajuanarbo\/wp-content\/uploads\/usu957\/2026\/03\/VIDEO-Conferencia-guerra-civil-10-2-26-amb-so.mp4<\/a><\/video><\/div>\n","protected":false},"excerpt":{"rendered":"<p>El passat dimarts 10 de febrer vam poder asistir a una interessant confer\u00e8ncia sobre la Guerra Civil a les Terres de l&#8217;Ebre. Volem donar les gr\u00e0cies al Roc Salvad\u00f3 per la seva, sempre bona, disposici\u00f3 i la seva generositat per compartir amb nosaltres els seus&hellip;  <a href=\"https:\/\/agora.xtec.cat\/cfasebastiajuanarbo\/general\/conferencia-de-la-guerra-civil-a-lebre\/\" title=\"Read Confer\u00e8ncia de la guerra civil a l&#8217;Ebre.\">Llegeix m\u00e9s\u00bb<\/a><\/p>\n","protected":false},"author":1,"featured_media":0,"comment_status":"open","ping_status":"open","sticky":false,"template":"","format":"standard","meta":{"_bbp_topic_count":0,"_bbp_reply_count":0,"_bbp_total_topic_count":0,"_bbp_total_reply_count":0,"_bbp_voice_count":0,"_bbp_anonymous_reply_count":0,"_bbp_topic_count_hidden":0,"_bbp_reply_count_hidden":0,"_bbp_forum_subforum_count":0,"footnotes":""},"categories":[59,1,29],"tags":[],"class_list":["post-3256","post","type-post","status-publish","format-standard","hentry","category-centre","category-general","category-portada"],"post_mailing_queue_ids":[],"_links":{"self":[{"href":"https:\/\/agora.xtec.cat\/cfasebastiajuanarbo\/wp-json\/wp\/v2\/posts\/3256","targetHints":{"allow":["GET"]}}],"collection":[{"href":"https:\/\/agora.xtec.cat\/cfasebastiajuanarbo\/wp-json\/wp\/v2\/posts"}],"about":[{"href":"https:\/\/agora.xtec.cat\/cfasebastiajuanarbo\/wp-json\/wp\/v2\/types\/post"}],"author":[{"embeddable":true,"href":"https:\/\/agora.xtec.cat\/cfasebastiajuanarbo\/wp-json\/wp\/v2\/users\/1"}],"replies":[{"embeddable":true,"href":"https:\/\/agora.xtec.cat\/cfasebastiajuanarbo\/wp-json\/wp\/v2\/comments?post=3256"}],"version-history":[{"count":1,"href":"https:\/\/agora.xtec.cat\/cfasebastiajuanarbo\/wp-json\/wp\/v2\/posts\/3256\/revisions"}],"predecessor-version":[{"id":3258,"href":"https:\/\/agora.xtec.cat\/cfasebastiajuanarbo\/wp-json\/wp\/v2\/posts\/3256\/revisions\/3258"}],"wp:attachment":[{"href":"https:\/\/agora.xtec.cat\/cfasebastiajuanarbo\/wp-json\/wp\/v2\/media?parent=3256"}],"wp:term":[{"taxonomy":"category","embeddable":true,"href":"https:\/\/agora.xtec.cat\/cfasebastiajuanarbo\/wp-json\/wp\/v2\/categories?post=3256"},{"taxonomy":"post_tag","embeddable":true,"href":"https:\/\/agora.xtec.cat\/cfasebastiajuanarbo\/wp-json\/wp\/v2\/tags?post=3256"}],"curies":[{"name":"wp","href":"https:\/\/api.w.org\/{rel}","templated":true}]}}