{"id":3247,"date":"2025-11-17T01:43:52","date_gmt":"2025-11-17T00:43:52","guid":{"rendered":"https:\/\/agora.xtec.cat\/cfasebastiajuanarbo\/?p=3247"},"modified":"2025-11-17T01:43:52","modified_gmt":"2025-11-17T00:43:52","slug":"llistat-de-llibres-per-a-formacio-instrumental","status":"publish","type":"post","link":"https:\/\/agora.xtec.cat\/cfasebastiajuanarbo\/general\/llistat-de-llibres-per-a-formacio-instrumental\/","title":{"rendered":"Llistat de llibres per a formaci\u00f3 instrumental"},"content":{"rendered":"<div>FI1 CATAL\u00c0 I CASTELL\u00c0: Dossier d&#8217;alfabetitzaci\u00f3 fotocopiable.<\/div>\n<div>FI2 CATAL\u00c0: <i>Oralpha 1. M\u00e8tode d&#8217;alfabetitzaci\u00f3 i comunicaci\u00f3 oral en catal\u00e0<\/i> (dossier fotocopiable)<\/div>\n<div>FI2 CASTELL\u00c0:<i> Oralpha 1. M\u00e9todo de alfabetizaci\u00f3n y comunicaci\u00f3n oral en castellano <\/i>(dossier fotocopiable)<\/div>\n<div>FI3 CATAL\u00c0:<i> Oralpha 2. M\u00e8tode d&#8217;alfabetitzaci\u00f3 i comunicaci\u00f3 oral en catal\u00e0<\/i> (dossier fotocopiable)<\/div>\n<div>FI3 CASTELL\u00c0:<\/div>\n<div><i>Cuaderno de lengua 4. Educaci\u00f3n primaria<\/i>. Ed. Nadal-Edarca.<\/div>\n<div><i>Cuaderno de lengua 5. Educaci\u00f3n primaria<\/i>. Ed. Nadal-Edarca.<\/div>\n<div><i>Cuaderno de lengua 6. Educaci\u00f3n primaria<\/i>. Ed. Nadal-Edarca.<\/div>\n<div>FI4 CATAL\u00c0:<\/div>\n<div><i>Quadern de llengua 4<\/i>. Educaci\u00f3 prim\u00e0ria. Ed. Nadal-Edarca.<\/div>\n<div><i>Quadern de llengua 5<\/i>. Educaci\u00f3 prim\u00e0ria. Ed. Nadal-Edarca.<\/div>\n<div><i>Quadern de llengua 6<\/i>. Educaci\u00f3 prim\u00e0ria. Ed. Nadal-Edarca.<\/div>\n<div>FI4 CASTELL\u00c0:<\/div>\n<div><i>Cuaderno de lengua 4. Educaci\u00f3n primaria<\/i>. Ed. Nadal-Edarca.<\/div>\n<div><i>Cuaderno de lengua 5. Educaci\u00f3n primaria<\/i>. Ed. Nadal-Edarca.<\/div>\n<div><i>Cuaderno de lengua 6. Educaci\u00f3n primaria<\/i>. Ed. Nadal-Edarca.<\/div>\n","protected":false},"excerpt":{"rendered":"<p>FI1 CATAL\u00c0 I CASTELL\u00c0: Dossier d&#8217;alfabetitzaci\u00f3 fotocopiable.<br \/>\nFI2 CATAL\u00c0: Oralpha 1. M\u00e8tode d&#8217;alfabetitzaci\u00f3 i comunicaci\u00f3 oral en catal\u00e0 (dossier fotocopiable)<br \/>\nFI2 CASTELL\u00c0: Oralpha 1. M\u00e9todo de alfabetizaci\u00f3n y comunicaci\u00f3n oral en castellano (dossier fotocopiable)<br \/>\nFI3 CATAL\u00c0: Oralpha 2. M\u00e8tode d&#8217;alfabetitzaci\u00f3 i comunicaci\u00f3 oral en catal\u00e0 (dossier fotocopiable)<br \/>\nFI3 CASTELL\u00c0:<br \/>\nCuaderno&hellip;  <a href=\"https:\/\/agora.xtec.cat\/cfasebastiajuanarbo\/general\/llistat-de-llibres-per-a-formacio-instrumental\/\" title=\"Read Llistat de llibres per a formaci\u00f3 instrumental\">Llegeix m\u00e9s\u00bb<\/a><\/p>\n","protected":false},"author":1,"featured_media":0,"comment_status":"open","ping_status":"open","sticky":false,"template":"","format":"standard","meta":{"_bbp_topic_count":0,"_bbp_reply_count":0,"_bbp_total_topic_count":0,"_bbp_total_reply_count":0,"_bbp_voice_count":0,"_bbp_anonymous_reply_count":0,"_bbp_topic_count_hidden":0,"_bbp_reply_count_hidden":0,"_bbp_forum_subforum_count":0,"footnotes":""},"categories":[59,1,29],"tags":[],"class_list":["post-3247","post","type-post","status-publish","format-standard","hentry","category-centre","category-general","category-portada"],"post_mailing_queue_ids":[],"_links":{"self":[{"href":"https:\/\/agora.xtec.cat\/cfasebastiajuanarbo\/wp-json\/wp\/v2\/posts\/3247","targetHints":{"allow":["GET"]}}],"collection":[{"href":"https:\/\/agora.xtec.cat\/cfasebastiajuanarbo\/wp-json\/wp\/v2\/posts"}],"about":[{"href":"https:\/\/agora.xtec.cat\/cfasebastiajuanarbo\/wp-json\/wp\/v2\/types\/post"}],"author":[{"embeddable":true,"href":"https:\/\/agora.xtec.cat\/cfasebastiajuanarbo\/wp-json\/wp\/v2\/users\/1"}],"replies":[{"embeddable":true,"href":"https:\/\/agora.xtec.cat\/cfasebastiajuanarbo\/wp-json\/wp\/v2\/comments?post=3247"}],"version-history":[{"count":1,"href":"https:\/\/agora.xtec.cat\/cfasebastiajuanarbo\/wp-json\/wp\/v2\/posts\/3247\/revisions"}],"predecessor-version":[{"id":3248,"href":"https:\/\/agora.xtec.cat\/cfasebastiajuanarbo\/wp-json\/wp\/v2\/posts\/3247\/revisions\/3248"}],"wp:attachment":[{"href":"https:\/\/agora.xtec.cat\/cfasebastiajuanarbo\/wp-json\/wp\/v2\/media?parent=3247"}],"wp:term":[{"taxonomy":"category","embeddable":true,"href":"https:\/\/agora.xtec.cat\/cfasebastiajuanarbo\/wp-json\/wp\/v2\/categories?post=3247"},{"taxonomy":"post_tag","embeddable":true,"href":"https:\/\/agora.xtec.cat\/cfasebastiajuanarbo\/wp-json\/wp\/v2\/tags?post=3247"}],"curies":[{"name":"wp","href":"https:\/\/api.w.org\/{rel}","templated":true}]}}