{"id":3235,"date":"2025-10-29T13:51:44","date_gmt":"2025-10-29T12:51:44","guid":{"rendered":"https:\/\/agora.xtec.cat\/cfasebastiajuanarbo\/?p=3235"},"modified":"2025-10-29T13:53:30","modified_gmt":"2025-10-29T12:53:30","slug":"histories-de-la-castanyada-halloween","status":"publish","type":"post","link":"https:\/\/agora.xtec.cat\/cfasebastiajuanarbo\/general\/histories-de-la-castanyada-halloween\/","title":{"rendered":"Hist\u00f2ries de la Castanyada \/ Halloween"},"content":{"rendered":"<p>Amb l\u2019alumnat de Catal\u00e0 3, hem creat un Padlet amb narracions sobre la Castanyada i Halloween. Cada estudiant ha tingut l\u2019oportunitat d\u2019escriure i compartir la seva pr\u00f2pia hist\u00f2ria inventada, incorporant elements caracter\u00edstics de les dues celebracions i deixant volar la imaginaci\u00f3. Aquesta activitat no nom\u00e9s ha potenciat la creativitat i l\u2019expressi\u00f3 escrita, sin\u00f3 que tamb\u00e9 ha fomentat la lectura a l\u2019aula.<\/p>\n<div class=\"padlet-embed\" style=\"border:1px solid rgba(0,0,0,0.1);border-radius:2px;box-sizing:border-box;overflow:hidden;position:relative;width:100%;background:#F4F4F4\">\n<p style=\"padding:0;margin:0\"><iframe src=\"https:\/\/padlet.com\/embed\/w2lfeyuw0t6gsigu\" frameborder=\"0\" allow=\"camera;microphone;geolocation;display-capture;clipboard-write\" style=\"width:100%;height:608px;display:block;padding:0;margin:0\"><\/iframe><\/p>\n<div style=\"display:flex;align-items:center;justify-content:end;margin:0;height:28px\"><a href=\"https:\/\/padlet.com?ref=embed\" style=\"display:block;flex-grow:0;margin:0;border:none;padding:0;text-decoration:none\" target=\"_blank\"><\/p>\n<div style=\"display:flex;align-items:center;\"><img loading=\"lazy\" decoding=\"async\" src=\"https:\/\/padlet.net\/embeds\/made_with_padlet_2022.png\" width=\"114\" height=\"28\" style=\"padding:0;margin:0;background:0 0;border:none;box-shadow:none\" alt=\"Fet amb Padlet\"><\/div>\n<p><\/a><\/div>\n<\/div>\n","protected":false},"excerpt":{"rendered":"<p>Amb l\u2019alumnat de Catal\u00e0 3, hem creat un Padlet amb narracions sobre la Castanyada i Halloween. Cada estudiant ha tingut l\u2019oportunitat d\u2019escriure i compartir la seva pr\u00f2pia hist\u00f2ria inventada, incorporant elements caracter\u00edstics de les dues celebracions i deixant volar la imaginaci\u00f3. Aquesta activitat no nom\u00e9s&hellip;  <a href=\"https:\/\/agora.xtec.cat\/cfasebastiajuanarbo\/general\/histories-de-la-castanyada-halloween\/\" title=\"Read Hist\u00f2ries de la Castanyada \/ Halloween\">Llegeix m\u00e9s\u00bb<\/a><\/p>\n","protected":false},"author":1,"featured_media":0,"comment_status":"open","ping_status":"open","sticky":false,"template":"","format":"standard","meta":{"_bbp_topic_count":0,"_bbp_reply_count":0,"_bbp_total_topic_count":0,"_bbp_total_reply_count":0,"_bbp_voice_count":0,"_bbp_anonymous_reply_count":0,"_bbp_topic_count_hidden":0,"_bbp_reply_count_hidden":0,"_bbp_forum_subforum_count":0,"footnotes":""},"categories":[1,29],"tags":[],"class_list":["post-3235","post","type-post","status-publish","format-standard","hentry","category-general","category-portada"],"post_mailing_queue_ids":[],"_links":{"self":[{"href":"https:\/\/agora.xtec.cat\/cfasebastiajuanarbo\/wp-json\/wp\/v2\/posts\/3235","targetHints":{"allow":["GET"]}}],"collection":[{"href":"https:\/\/agora.xtec.cat\/cfasebastiajuanarbo\/wp-json\/wp\/v2\/posts"}],"about":[{"href":"https:\/\/agora.xtec.cat\/cfasebastiajuanarbo\/wp-json\/wp\/v2\/types\/post"}],"author":[{"embeddable":true,"href":"https:\/\/agora.xtec.cat\/cfasebastiajuanarbo\/wp-json\/wp\/v2\/users\/1"}],"replies":[{"embeddable":true,"href":"https:\/\/agora.xtec.cat\/cfasebastiajuanarbo\/wp-json\/wp\/v2\/comments?post=3235"}],"version-history":[{"count":1,"href":"https:\/\/agora.xtec.cat\/cfasebastiajuanarbo\/wp-json\/wp\/v2\/posts\/3235\/revisions"}],"predecessor-version":[{"id":3236,"href":"https:\/\/agora.xtec.cat\/cfasebastiajuanarbo\/wp-json\/wp\/v2\/posts\/3235\/revisions\/3236"}],"wp:attachment":[{"href":"https:\/\/agora.xtec.cat\/cfasebastiajuanarbo\/wp-json\/wp\/v2\/media?parent=3235"}],"wp:term":[{"taxonomy":"category","embeddable":true,"href":"https:\/\/agora.xtec.cat\/cfasebastiajuanarbo\/wp-json\/wp\/v2\/categories?post=3235"},{"taxonomy":"post_tag","embeddable":true,"href":"https:\/\/agora.xtec.cat\/cfasebastiajuanarbo\/wp-json\/wp\/v2\/tags?post=3235"}],"curies":[{"name":"wp","href":"https:\/\/api.w.org\/{rel}","templated":true}]}}