{"id":3134,"date":"2025-01-12T12:34:42","date_gmt":"2025-01-12T11:34:42","guid":{"rendered":"https:\/\/agora.xtec.cat\/cfasebastiajuanarbo\/?p=3134"},"modified":"2025-01-12T12:37:59","modified_gmt":"2025-01-12T11:37:59","slug":"cursos-de-capacitacio-digital-2-i-3","status":"publish","type":"post","link":"https:\/\/agora.xtec.cat\/cfasebastiajuanarbo\/general\/cursos-de-capacitacio-digital-2-i-3\/","title":{"rendered":"Cursos de capacitaci\u00f3 digital 2 i 3"},"content":{"rendered":"<p><span style=\"font-family: Liberation Sans, sans-serif;\"><span style=\"font-size: medium;\">El pr\u00f2xim dia 21 <b>de gener<\/b> comencen els cursos de capacitaci\u00f3 digital 2 i 3: <\/span><\/span><\/p>\n<p><span style=\"font-family: Liberation Sans, sans-serif;\"><span style=\"font-size: medium;\"><strong>Curs 2: M\u00e9s Digitals, nivell A:<\/strong> Ens movem pel m\u00f3n digital, (15 hores), dirigit a persones que utilitzen algunes eines digitals de forma regular, per\u00f2 no s\u00f3n aut\u00f2nomes per donar-los nous usos.<\/span><\/span><\/p>\n<p><span style=\"font-family: Liberation Sans, sans-serif;\"><span style=\"font-size: medium;\"><strong>Continguts:<\/strong> El meu primer correu, faig fotos i v\u00eddeos, la immensitat digital a Internet, compte amb la seguretat: vigilem el que fem i el que diem&#8230;<\/span><\/span><\/p>\n<p><strong><span style=\"font-family: Liberation Sans, sans-serif;\"><span style=\"font-size: medium;\">Curs 3: M\u00e9s Digitals, nivell C:<\/span><\/span><\/strong><span style=\"font-family: Liberation Sans, sans-serif;\"><span style=\"font-size: medium;\"> Ens endinsem en el m\u00f3n digital\u201d (15 hores), per a persones amb autonomia digital que volen aprofundir en l<\/span><\/span><span style=\"font-family: Liberation Sans, sans-serif;\"><span style=\"font-size: medium;\">es<\/span><\/span><span style=\"font-family: Liberation Sans, sans-serif;\"><span style=\"font-size: medium;\"> seves compet\u00e8ncies.<\/span><\/span><\/p>\n<p><strong><span style=\"font-family: Liberation Sans, sans-serif;\"><span style=\"font-size: medium;\">Continguts: <\/span><\/span><\/strong><span style=\"font-family: Liberation Sans, sans-serif;\"><span style=\"font-size: medium;\">Com puc anar a\u2026<\/span><\/span><span style=\"font-family: Liberation Sans, sans-serif;\"><span style=\"font-size: medium;\">qualsevol destinaci\u00f3<\/span><\/span><span style=\"font-family: Liberation Sans, sans-serif;\"><span style=\"font-size: medium;\">,Tot a la butxaca: <\/span><\/span><span style=\"font-family: Liberation Sans, sans-serif;\"><span style=\"font-size: medium;\">el banc, les visites m\u00e8diques, identificacions digitals,..<\/span><\/span><span style=\"font-family: Liberation Sans, sans-serif;\"><span style=\"font-size: medium;\">, Guardem i compartim <\/span><\/span><span style=\"font-family: Liberation Sans, sans-serif;\"><span style=\"font-size: medium;\">fotos i v\u00eddeos<\/span><\/span><span style=\"font-family: Liberation Sans, sans-serif;\"><span style=\"font-size: medium;\">. Relaxem-nos i gaudim <\/span><\/span><span style=\"font-family: Liberation Sans, sans-serif;\"><span style=\"font-size: medium;\">de m\u00fasica i s\u00e8ries<\/span><\/span><span style=\"font-family: Liberation Sans, sans-serif;\"><span style=\"font-size: medium;\">.<\/span><\/span><\/p>\n<h4 style=\"text-align: center;\"><span style=\"color: #339966;\">T&#8217;ho perdr\u00e0s? Vine a per la teva pla\u00e7a! <img loading=\"lazy\" decoding=\"async\" class=\"wp-image-3136 alignright\" src=\"https:\/\/agora.xtec.cat\/cfasebastiajuanarbo\/wp-content\/uploads\/usu957\/2025\/01\/Eines-digitals-amb-logos.jpg\" alt=\"\" width=\"485\" height=\"485\" srcset=\"https:\/\/agora.xtec.cat\/cfasebastiajuanarbo\/wp-content\/uploads\/usu957\/2025\/01\/Eines-digitals-amb-logos.jpg 814w, https:\/\/agora.xtec.cat\/cfasebastiajuanarbo\/wp-content\/uploads\/usu957\/2025\/01\/Eines-digitals-amb-logos-300x300.jpg 300w, https:\/\/agora.xtec.cat\/cfasebastiajuanarbo\/wp-content\/uploads\/usu957\/2025\/01\/Eines-digitals-amb-logos-150x150.jpg 150w, https:\/\/agora.xtec.cat\/cfasebastiajuanarbo\/wp-content\/uploads\/usu957\/2025\/01\/Eines-digitals-amb-logos-768x768.jpg 768w\" sizes=\"auto, (max-width: 485px) 100vw, 485px\" \/><\/span><br \/>\n<span style=\"color: #339966;\">Dates curs:<\/span><br \/>\n<span style=\"color: #339966;\"><span style=\"font-family: Liberation Sans, sans-serif;\"><span style=\"font-size: medium;\">2<\/span><\/span><span style=\"font-family: Liberation Sans, sans-serif;\"><span style=\"font-size: medium;\">1 i 28 de gener<\/span><\/span><\/span><\/h4>\n<h4 style=\"text-align: center;\"><span style=\"font-family: Liberation Sans, sans-serif; color: #339966;\"><span style=\"font-size: medium;\">4, 11, 18 i 25 de febrer<\/span><\/span><\/h4>\n<h4 style=\"text-align: center;\"><span style=\"font-family: Liberation Sans, sans-serif; color: #339966;\"><span style=\"font-size: medium;\">\ud83d\udd64 Horari curs:<br \/>\n<b>Curs 2<\/b>: de 15 a 17.30 h.<\/span><\/span><\/h4>\n<h4 style=\"text-align: center;\"><span style=\"color: #339966;\"><span style=\"font-family: Liberation Sans, sans-serif;\"><span style=\"font-size: medium;\"><b>Curs 3<\/b><\/span><\/span><span style=\"font-family: Liberation Sans, sans-serif;\"><span style=\"font-size: medium;\">: de 12 h a 14.30 h.<\/span><\/span><\/span><\/h4>\n<p><span style=\"font-family: Liberation Sans, sans-serif;\"><span style=\"font-size: medium;\"><br \/>\n\ud83d\udccd Centre de Formaci\u00f3 d&#8217;Adults d&#8217;Amposta (C. Madrid, 35-49)<\/span><\/span><\/p>\n<p>\ud83d\udcdd Inscripcions:<br \/>\nA la secretaria del centre, en horari de 10 a 13 hores<br \/>\n\ud83d\udcde977700043<br \/>\n\ud83d\udce7 e3008754@xtec.cat<\/p>\n","protected":false},"excerpt":{"rendered":"<p>El pr\u00f2xim dia 21 de gener comencen els cursos de capacitaci\u00f3 digital 2 i 3:<br \/>\nCurs 2: M\u00e9s Digitals, nivell A: Ens movem pel m\u00f3n digital, (15 hores), dirigit a persones que utilitzen algunes eines digitals de forma regular, per\u00f2 no s\u00f3n aut\u00f2nomes per donar-los&hellip;  <a href=\"https:\/\/agora.xtec.cat\/cfasebastiajuanarbo\/general\/cursos-de-capacitacio-digital-2-i-3\/\" title=\"Read Cursos de capacitaci\u00f3 digital 2 i 3\">Llegeix m\u00e9s\u00bb<\/a><\/p>\n","protected":false},"author":1,"featured_media":0,"comment_status":"open","ping_status":"closed","sticky":false,"template":"","format":"standard","meta":{"_bbp_topic_count":0,"_bbp_reply_count":0,"_bbp_total_topic_count":0,"_bbp_total_reply_count":0,"_bbp_voice_count":0,"_bbp_anonymous_reply_count":0,"_bbp_topic_count_hidden":0,"_bbp_reply_count_hidden":0,"_bbp_forum_subforum_count":0,"footnotes":""},"categories":[59,1,29],"tags":[],"class_list":["post-3134","post","type-post","status-publish","format-standard","hentry","category-centre","category-general","category-portada"],"post_mailing_queue_ids":[],"_links":{"self":[{"href":"https:\/\/agora.xtec.cat\/cfasebastiajuanarbo\/wp-json\/wp\/v2\/posts\/3134","targetHints":{"allow":["GET"]}}],"collection":[{"href":"https:\/\/agora.xtec.cat\/cfasebastiajuanarbo\/wp-json\/wp\/v2\/posts"}],"about":[{"href":"https:\/\/agora.xtec.cat\/cfasebastiajuanarbo\/wp-json\/wp\/v2\/types\/post"}],"author":[{"embeddable":true,"href":"https:\/\/agora.xtec.cat\/cfasebastiajuanarbo\/wp-json\/wp\/v2\/users\/1"}],"replies":[{"embeddable":true,"href":"https:\/\/agora.xtec.cat\/cfasebastiajuanarbo\/wp-json\/wp\/v2\/comments?post=3134"}],"version-history":[{"count":3,"href":"https:\/\/agora.xtec.cat\/cfasebastiajuanarbo\/wp-json\/wp\/v2\/posts\/3134\/revisions"}],"predecessor-version":[{"id":3138,"href":"https:\/\/agora.xtec.cat\/cfasebastiajuanarbo\/wp-json\/wp\/v2\/posts\/3134\/revisions\/3138"}],"wp:attachment":[{"href":"https:\/\/agora.xtec.cat\/cfasebastiajuanarbo\/wp-json\/wp\/v2\/media?parent=3134"}],"wp:term":[{"taxonomy":"category","embeddable":true,"href":"https:\/\/agora.xtec.cat\/cfasebastiajuanarbo\/wp-json\/wp\/v2\/categories?post=3134"},{"taxonomy":"post_tag","embeddable":true,"href":"https:\/\/agora.xtec.cat\/cfasebastiajuanarbo\/wp-json\/wp\/v2\/tags?post=3134"}],"curies":[{"name":"wp","href":"https:\/\/api.w.org\/{rel}","templated":true}]}}