{"id":3104,"date":"2024-09-16T20:58:28","date_gmt":"2024-09-16T18:58:28","guid":{"rendered":"https:\/\/agora.xtec.cat\/cfasebastiajuanarbo\/?p=3104"},"modified":"2024-09-16T20:58:28","modified_gmt":"2024-09-16T18:58:28","slug":"iii-trobada-de-claustres-dels-cfa-de-les-terres-de-lebre","status":"publish","type":"post","link":"https:\/\/agora.xtec.cat\/cfasebastiajuanarbo\/general\/iii-trobada-de-claustres-dels-cfa-de-les-terres-de-lebre\/","title":{"rendered":"III TROBADA DE CLAUSTRES DELS CFA DE LES TERRES DE L\u2019EBRE"},"content":{"rendered":"<p>El passat 12 de setembre ens vam trobar els claustres del CFA de Tortosa, el CFA Ribera d\u2019Ebre de Mora i el CFA Sebasti\u00e0 Juan Arb\u00f3 d&#8217;Amposta a Mora d&#8217;Ebre.<\/p>\n<p>En la primera part de la jornada, presidida per la inspectora, Xelo Cordero, es van presentar els membres dels claustres dels tres centres i els diversos treballs en xarxa que es van anar enllestint al llarg del curs passat per fer-ne una valoraci\u00f3.<\/p>\n<p>La segona part, tamb\u00e9 presidida per la inspectora, Xelo Cordero, i pel coordinador d\u2019adults, Joan Ferreres, va consistir en una presentaci\u00f3 sobre la realitat de cadascun dels tres centres i una exposici\u00f3 sobre bones pr\u00e0ctiques portada a terme pel centre amfitri\u00f3, el Ribera d\u2019Ebre de Mora.<\/p>\n<p>Va estar una jornada en qu\u00e8 vam poder compartir treball, experi\u00e8ncies, inquietuds&#8230; i que referma el treball en xarxa engegat ja fa dos cursos.<\/p>\n<p>Que tinguem tothom un bon curs!<\/p>\n<p><img loading=\"lazy\" decoding=\"async\" class=\"aligncenter size-large wp-image-3105\" src=\"https:\/\/agora.xtec.cat\/cfasebastiajuanarbo\/wp-content\/uploads\/usu957\/2024\/09\/Trobada-cfas-2-1024x576.jpeg\" alt=\"\" width=\"1024\" height=\"576\" srcset=\"https:\/\/agora.xtec.cat\/cfasebastiajuanarbo\/wp-content\/uploads\/usu957\/2024\/09\/Trobada-cfas-2-1024x576.jpeg 1024w, https:\/\/agora.xtec.cat\/cfasebastiajuanarbo\/wp-content\/uploads\/usu957\/2024\/09\/Trobada-cfas-2-300x169.jpeg 300w, https:\/\/agora.xtec.cat\/cfasebastiajuanarbo\/wp-content\/uploads\/usu957\/2024\/09\/Trobada-cfas-2-768x432.jpeg 768w, https:\/\/agora.xtec.cat\/cfasebastiajuanarbo\/wp-content\/uploads\/usu957\/2024\/09\/Trobada-cfas-2-1536x864.jpeg 1536w, https:\/\/agora.xtec.cat\/cfasebastiajuanarbo\/wp-content\/uploads\/usu957\/2024\/09\/Trobada-cfas-2.jpeg 1600w\" sizes=\"auto, (max-width: 1024px) 100vw, 1024px\" \/><img loading=\"lazy\" decoding=\"async\" class=\"aligncenter size-large wp-image-3106\" src=\"https:\/\/agora.xtec.cat\/cfasebastiajuanarbo\/wp-content\/uploads\/usu957\/2024\/09\/Trobada-cfas-1b-1024x498.jpg\" alt=\"\" width=\"1024\" height=\"498\" srcset=\"https:\/\/agora.xtec.cat\/cfasebastiajuanarbo\/wp-content\/uploads\/usu957\/2024\/09\/Trobada-cfas-1b-1024x498.jpg 1024w, https:\/\/agora.xtec.cat\/cfasebastiajuanarbo\/wp-content\/uploads\/usu957\/2024\/09\/Trobada-cfas-1b-300x146.jpg 300w, https:\/\/agora.xtec.cat\/cfasebastiajuanarbo\/wp-content\/uploads\/usu957\/2024\/09\/Trobada-cfas-1b-768x373.jpg 768w, https:\/\/agora.xtec.cat\/cfasebastiajuanarbo\/wp-content\/uploads\/usu957\/2024\/09\/Trobada-cfas-1b-1536x747.jpg 1536w, https:\/\/agora.xtec.cat\/cfasebastiajuanarbo\/wp-content\/uploads\/usu957\/2024\/09\/Trobada-cfas-1b.jpg 1923w\" sizes=\"auto, (max-width: 1024px) 100vw, 1024px\" \/><\/p>\n","protected":false},"excerpt":{"rendered":"<p>El passat 12 de setembre ens vam trobar els claustres del CFA de Tortosa, el CFA Ribera d\u2019Ebre de Mora i el CFA Sebasti\u00e0 Juan Arb\u00f3 d&#8217;Amposta a Mora d&#8217;Ebre.<br \/>\nEn la primera part de la jornada, presidida per la inspectora, Xelo Cordero, es van presentar&hellip;  <a href=\"https:\/\/agora.xtec.cat\/cfasebastiajuanarbo\/general\/iii-trobada-de-claustres-dels-cfa-de-les-terres-de-lebre\/\" title=\"Read III TROBADA DE CLAUSTRES DELS CFA DE LES TERRES DE L\u2019EBRE\">Llegeix m\u00e9s\u00bb<\/a><\/p>\n","protected":false},"author":1,"featured_media":0,"comment_status":"open","ping_status":"closed","sticky":false,"template":"","format":"standard","meta":{"_bbp_topic_count":0,"_bbp_reply_count":0,"_bbp_total_topic_count":0,"_bbp_total_reply_count":0,"_bbp_voice_count":0,"_bbp_anonymous_reply_count":0,"_bbp_topic_count_hidden":0,"_bbp_reply_count_hidden":0,"_bbp_forum_subforum_count":0,"footnotes":""},"categories":[59,1,29,60],"tags":[94],"class_list":["post-3104","post","type-post","status-publish","format-standard","hentry","category-centre","category-general","category-portada","category-serveis","tag-treballxarxa"],"post_mailing_queue_ids":[],"_links":{"self":[{"href":"https:\/\/agora.xtec.cat\/cfasebastiajuanarbo\/wp-json\/wp\/v2\/posts\/3104","targetHints":{"allow":["GET"]}}],"collection":[{"href":"https:\/\/agora.xtec.cat\/cfasebastiajuanarbo\/wp-json\/wp\/v2\/posts"}],"about":[{"href":"https:\/\/agora.xtec.cat\/cfasebastiajuanarbo\/wp-json\/wp\/v2\/types\/post"}],"author":[{"embeddable":true,"href":"https:\/\/agora.xtec.cat\/cfasebastiajuanarbo\/wp-json\/wp\/v2\/users\/1"}],"replies":[{"embeddable":true,"href":"https:\/\/agora.xtec.cat\/cfasebastiajuanarbo\/wp-json\/wp\/v2\/comments?post=3104"}],"version-history":[{"count":1,"href":"https:\/\/agora.xtec.cat\/cfasebastiajuanarbo\/wp-json\/wp\/v2\/posts\/3104\/revisions"}],"predecessor-version":[{"id":3107,"href":"https:\/\/agora.xtec.cat\/cfasebastiajuanarbo\/wp-json\/wp\/v2\/posts\/3104\/revisions\/3107"}],"wp:attachment":[{"href":"https:\/\/agora.xtec.cat\/cfasebastiajuanarbo\/wp-json\/wp\/v2\/media?parent=3104"}],"wp:term":[{"taxonomy":"category","embeddable":true,"href":"https:\/\/agora.xtec.cat\/cfasebastiajuanarbo\/wp-json\/wp\/v2\/categories?post=3104"},{"taxonomy":"post_tag","embeddable":true,"href":"https:\/\/agora.xtec.cat\/cfasebastiajuanarbo\/wp-json\/wp\/v2\/tags?post=3104"}],"curies":[{"name":"wp","href":"https:\/\/api.w.org\/{rel}","templated":true}]}}