{"id":3052,"date":"2024-06-13T11:37:37","date_gmt":"2024-06-13T09:37:37","guid":{"rendered":"https:\/\/agora.xtec.cat\/cfasebastiajuanarbo\/?p=3052"},"modified":"2024-06-13T11:37:37","modified_gmt":"2024-06-13T09:37:37","slug":"curs-4-digitalitzacio-aplicada-lentorn-professional","status":"publish","type":"post","link":"https:\/\/agora.xtec.cat\/cfasebastiajuanarbo\/general\/curs-4-digitalitzacio-aplicada-lentorn-professional\/","title":{"rendered":"Curs 4: Digitalitzaci\u00f3 aplicada l&#8217;entorn professional"},"content":{"rendered":"<p><strong>Curs 4: Digitalitzaci\u00f3 aplicada l&#8217;entorn professional<\/strong><\/p>\n<p>Adre\u00e7at a persones amb compet\u00e8ncies digitals en l&#8217;\u00e0mbit personal que vulguin ampliar-les a l&#8217;entorn professional.<br \/>\nAquest curs consta de dos m\u00f2duls:<\/p>\n<ul>\n<li>Gesti\u00f3 de dispositius i dades mitjan\u00e7ant tecnologies habilitadores digitals<\/li>\n<li>Gesti\u00f3 de continguts mitjan\u00e7ant tecnologies habilitadores digitals<\/li>\n<\/ul>\n<p>Durada: 30 hores (2 m\u00f2duls formatius de 15 hores)<\/p>\n<h4><\/h4>\n<blockquote>\n<div class=\"gmail_default\">\n<h4 class=\"gmail_default\"><strong><u><i><img loading=\"lazy\" decoding=\"async\" class=\"alignright wp-image-2929 \" src=\"https:\/\/agora.xtec.cat\/cfasebastiajuanarbo\/wp-content\/uploads\/usu957\/2023\/11\/F-DIGITAL-CARTELL-DA-ONLINE_Amb-logos-1_page-0001-724x1024.jpg\" alt=\"\" width=\"442\" height=\"625\" srcset=\"https:\/\/agora.xtec.cat\/cfasebastiajuanarbo\/wp-content\/uploads\/usu957\/2023\/11\/F-DIGITAL-CARTELL-DA-ONLINE_Amb-logos-1_page-0001-724x1024.jpg 724w, https:\/\/agora.xtec.cat\/cfasebastiajuanarbo\/wp-content\/uploads\/usu957\/2023\/11\/F-DIGITAL-CARTELL-DA-ONLINE_Amb-logos-1_page-0001-212x300.jpg 212w, https:\/\/agora.xtec.cat\/cfasebastiajuanarbo\/wp-content\/uploads\/usu957\/2023\/11\/F-DIGITAL-CARTELL-DA-ONLINE_Amb-logos-1_page-0001-768x1086.jpg 768w, https:\/\/agora.xtec.cat\/cfasebastiajuanarbo\/wp-content\/uploads\/usu957\/2023\/11\/F-DIGITAL-CARTELL-DA-ONLINE_Amb-logos-1_page-0001-1086x1536.jpg 1086w, https:\/\/agora.xtec.cat\/cfasebastiajuanarbo\/wp-content\/uploads\/usu957\/2023\/11\/F-DIGITAL-CARTELL-DA-ONLINE_Amb-logos-1_page-0001-1448x2048.jpg 1448w, https:\/\/agora.xtec.cat\/cfasebastiajuanarbo\/wp-content\/uploads\/usu957\/2023\/11\/F-DIGITAL-CARTELL-DA-ONLINE_Amb-logos-1_page-0001-scaled.jpg 1811w\" sizes=\"auto, (max-width: 442px) 100vw, 442px\" \/><\/i><\/u><\/strong><\/h4>\n<h4><\/h4>\n<\/div>\n<\/blockquote>\n<h4><\/h4>\n<p>&nbsp;<\/p>\n<blockquote>\n<div class=\"gmail_default\">\n<h4><\/h4>\n<h4 class=\"gmail_default\"><strong><u><i>Horari:<\/i><\/u><\/strong><\/h4>\n<h4 class=\"gmail_default\"><b>10,11 12, 13, 17, 18, 19, 20, 25 i 26 de juny<\/b><\/h4>\n<h4 class=\"gmail_default\">de\u00a0 les 9:00h a les 12:00h<\/h4>\n<\/div>\n<\/blockquote>\n<div class=\"gmail_default\"><\/div>\n<div><\/div>\n<div><\/div>\n<blockquote>\n<div class=\"gmail_default\">\n<h5 class=\"gmail_default\"><strong><u><i>Inscripcions:<\/i><\/u><\/strong><\/h5>\n<h4 class=\"gmail_default\">A la\u00a0<b>secretaria<\/b>\u00a0del CFA<\/h4>\n<h4 class=\"gmail_default\"><b>977700043<\/b><\/h4>\n<h4 class=\"gmail_default\">\u00a0<a href=\"mailto:e3008754@xtec.cat\" target=\"_blank\" rel=\"noopener\">e3008754<\/a><b><a href=\"mailto:e3008754@xtec.cat\" target=\"_blank\" rel=\"noopener\">@xtec.cat<\/a><\/b><\/h4>\n<\/div>\n<\/blockquote>\n","protected":false},"excerpt":{"rendered":"<p>Curs 4: Digitalitzaci\u00f3 aplicada l&#8217;entorn professional<br \/>\nAdre\u00e7at a persones amb compet\u00e8ncies digitals en l&#8217;\u00e0mbit personal que vulguin ampliar-les a l&#8217;entorn professional.<br \/>\nAquest curs consta de dos m\u00f2duls:<\/p>\n<ul>\n<li>Gesti\u00f3 de dispositius i dades mitjan\u00e7ant tecnologies habilitadores digitals<\/li>\n<li>Gesti\u00f3 de continguts mitjan\u00e7ant tecnologies habilitadores digitals<\/li>\n<\/ul>\n<p>Durada: 30 hores (2 m\u00f2duls formatius de&hellip;  <a href=\"https:\/\/agora.xtec.cat\/cfasebastiajuanarbo\/general\/curs-4-digitalitzacio-aplicada-lentorn-professional\/\" title=\"Read Curs 4: Digitalitzaci\u00f3 aplicada l&#8217;entorn professional\">Llegeix m\u00e9s\u00bb<\/a><\/p>\n","protected":false},"author":1,"featured_media":0,"comment_status":"open","ping_status":"closed","sticky":false,"template":"","format":"standard","meta":{"_bbp_topic_count":0,"_bbp_reply_count":0,"_bbp_total_topic_count":0,"_bbp_total_reply_count":0,"_bbp_voice_count":0,"_bbp_anonymous_reply_count":0,"_bbp_topic_count_hidden":0,"_bbp_reply_count_hidden":0,"_bbp_forum_subforum_count":0,"footnotes":""},"categories":[59,1,29,87],"tags":[],"class_list":["post-3052","post","type-post","status-publish","format-standard","hentry","category-centre","category-general","category-portada","category-selv"],"post_mailing_queue_ids":[],"_links":{"self":[{"href":"https:\/\/agora.xtec.cat\/cfasebastiajuanarbo\/wp-json\/wp\/v2\/posts\/3052","targetHints":{"allow":["GET"]}}],"collection":[{"href":"https:\/\/agora.xtec.cat\/cfasebastiajuanarbo\/wp-json\/wp\/v2\/posts"}],"about":[{"href":"https:\/\/agora.xtec.cat\/cfasebastiajuanarbo\/wp-json\/wp\/v2\/types\/post"}],"author":[{"embeddable":true,"href":"https:\/\/agora.xtec.cat\/cfasebastiajuanarbo\/wp-json\/wp\/v2\/users\/1"}],"replies":[{"embeddable":true,"href":"https:\/\/agora.xtec.cat\/cfasebastiajuanarbo\/wp-json\/wp\/v2\/comments?post=3052"}],"version-history":[{"count":3,"href":"https:\/\/agora.xtec.cat\/cfasebastiajuanarbo\/wp-json\/wp\/v2\/posts\/3052\/revisions"}],"predecessor-version":[{"id":3055,"href":"https:\/\/agora.xtec.cat\/cfasebastiajuanarbo\/wp-json\/wp\/v2\/posts\/3052\/revisions\/3055"}],"wp:attachment":[{"href":"https:\/\/agora.xtec.cat\/cfasebastiajuanarbo\/wp-json\/wp\/v2\/media?parent=3052"}],"wp:term":[{"taxonomy":"category","embeddable":true,"href":"https:\/\/agora.xtec.cat\/cfasebastiajuanarbo\/wp-json\/wp\/v2\/categories?post=3052"},{"taxonomy":"post_tag","embeddable":true,"href":"https:\/\/agora.xtec.cat\/cfasebastiajuanarbo\/wp-json\/wp\/v2\/tags?post=3052"}],"curies":[{"name":"wp","href":"https:\/\/api.w.org\/{rel}","templated":true}]}}