{"id":2947,"date":"2024-01-26T11:50:54","date_gmt":"2024-01-26T10:50:54","guid":{"rendered":"https:\/\/agora.xtec.cat\/cfasebastiajuanarbo\/?p=2947"},"modified":"2024-01-26T11:51:47","modified_gmt":"2024-01-26T10:51:47","slug":"curs-2-deines-de-capacitacio-digital","status":"publish","type":"post","link":"https:\/\/agora.xtec.cat\/cfasebastiajuanarbo\/general\/curs-2-deines-de-capacitacio-digital\/","title":{"rendered":"Curs 2 d&#8217;Eines de Capacitaci\u00f3 digital"},"content":{"rendered":"<blockquote>\n<div class=\"gmail_default\"><strong><i>Curs 2: M\u00e9s Digitals, nivell A: Ens movem pel m\u00f3n digital, (15hores), dirigit a persones que utilitzen algunes eines digitals de forma regular, per\u00f2 no s\u00f3n aut\u00f2nomes per donar-los nous usos.<\/i><\/strong><\/div>\n<\/blockquote>\n<blockquote>\n<div class=\"gmail_default\">\n<p><i>Continguts:<br \/>\n<\/i><\/p>\n<\/div>\n<div class=\"gmail_default\">\n<p><i>El meu primer correu, faig fotos i v\u00eddeos, la immensitat digital a Internet, compte amb la seguretat: vigilem el que fem i el que diem&#8230;<\/i><\/p>\n<\/div>\n<div class=\"gmail_default\"><\/div>\n<div class=\"gmail_default\">\n<p>&nbsp;<\/p>\n<\/div>\n<\/blockquote>\n<div><img loading=\"lazy\" decoding=\"async\" class=\" wp-image-2929 alignright\" src=\"https:\/\/agora.xtec.cat\/cfasebastiajuanarbo\/wp-content\/uploads\/usu957\/2023\/11\/F-DIGITAL-CARTELL-DA-ONLINE_Amb-logos-1_page-0001-scaled.jpg\" sizes=\"auto, (max-width: 314px) 100vw, 314px\" srcset=\"https:\/\/agora.xtec.cat\/cfasebastiajuanarbo\/wp-content\/uploads\/usu957\/2023\/11\/F-DIGITAL-CARTELL-DA-ONLINE_Amb-logos-1_page-0001-scaled.jpg 1811w, https:\/\/agora.xtec.cat\/cfasebastiajuanarbo\/wp-content\/uploads\/usu957\/2023\/11\/F-DIGITAL-CARTELL-DA-ONLINE_Amb-logos-1_page-0001-212x300.jpg 212w, https:\/\/agora.xtec.cat\/cfasebastiajuanarbo\/wp-content\/uploads\/usu957\/2023\/11\/F-DIGITAL-CARTELL-DA-ONLINE_Amb-logos-1_page-0001-724x1024.jpg 724w, https:\/\/agora.xtec.cat\/cfasebastiajuanarbo\/wp-content\/uploads\/usu957\/2023\/11\/F-DIGITAL-CARTELL-DA-ONLINE_Amb-logos-1_page-0001-768x1086.jpg 768w, https:\/\/agora.xtec.cat\/cfasebastiajuanarbo\/wp-content\/uploads\/usu957\/2023\/11\/F-DIGITAL-CARTELL-DA-ONLINE_Amb-logos-1_page-0001-1086x1536.jpg 1086w, https:\/\/agora.xtec.cat\/cfasebastiajuanarbo\/wp-content\/uploads\/usu957\/2023\/11\/F-DIGITAL-CARTELL-DA-ONLINE_Amb-logos-1_page-0001-1448x2048.jpg 1448w\" alt=\"\" width=\"355\" height=\"502\" \/><\/div>\n<div><\/div>\n<div><\/div>\n<div><\/div>\n<div><\/div>\n<div><\/div>\n<blockquote>\n<div class=\"gmail_default\">\n<h4 class=\"gmail_default\"><strong><u><i>Horari:<\/i><\/u><\/strong><\/h4>\n<h4 class=\"gmail_default\"><b>6, 13, 20 i 27 de febrer<\/b><\/h4>\n<h4 class=\"gmail_default\"><b><\/b><b>4 i 5 de mar\u00e7\u00a0<\/b><\/h4>\n<h4 class=\"gmail_default\">de\u00a0 les 12:00h a les 14:30h<\/h4>\n<\/div>\n<\/blockquote>\n<div class=\"gmail_default\"><\/div>\n<div><\/div>\n<div><\/div>\n<blockquote>\n<div class=\"gmail_default\">\n<h5 class=\"gmail_default\"><strong><u><i>Inscripcions:<\/i><\/u><\/strong><\/h5>\n<h4 class=\"gmail_default\">A la\u00a0<b>secretaria<\/b>\u00a0del CFA<\/h4>\n<h4 class=\"gmail_default\"><b>977700043<\/b><\/h4>\n<h4 class=\"gmail_default\">\u00a0<a href=\"mailto:e3008754@xtec.cat\" target=\"_blank\" rel=\"noopener\">e3008754<\/a><b><a href=\"mailto:e3008754@xtec.cat\" target=\"_blank\" rel=\"noopener\">@xtec.cat<\/a><\/b><\/h4>\n<\/div>\n<\/blockquote>\n","protected":false},"excerpt":{"rendered":"<p>Curs 2: M\u00e9s Digitals, nivell A: Ens movem pel m\u00f3n digital, (15hores), dirigit a persones que utilitzen algunes eines digitals de forma regular, per\u00f2 no s\u00f3n aut\u00f2nomes per donar-los nous usos.<\/p>\n<p>Continguts:<\/p>\n<p>El meu primer correu, faig fotos i v\u00eddeos, la immensitat digital a Internet, compte amb&hellip;  <a href=\"https:\/\/agora.xtec.cat\/cfasebastiajuanarbo\/general\/curs-2-deines-de-capacitacio-digital\/\" title=\"Read Curs 2 d&#8217;Eines de Capacitaci\u00f3 digital\">Llegeix m\u00e9s\u00bb<\/a><\/p>\n","protected":false},"author":1,"featured_media":0,"comment_status":"open","ping_status":"closed","sticky":false,"template":"","format":"standard","meta":{"_bbp_topic_count":0,"_bbp_reply_count":0,"_bbp_total_topic_count":0,"_bbp_total_reply_count":0,"_bbp_voice_count":0,"_bbp_anonymous_reply_count":0,"_bbp_topic_count_hidden":0,"_bbp_reply_count_hidden":0,"_bbp_forum_subforum_count":0,"footnotes":""},"categories":[59,1,29],"tags":[],"class_list":["post-2947","post","type-post","status-publish","format-standard","hentry","category-centre","category-general","category-portada"],"post_mailing_queue_ids":[],"_links":{"self":[{"href":"https:\/\/agora.xtec.cat\/cfasebastiajuanarbo\/wp-json\/wp\/v2\/posts\/2947","targetHints":{"allow":["GET"]}}],"collection":[{"href":"https:\/\/agora.xtec.cat\/cfasebastiajuanarbo\/wp-json\/wp\/v2\/posts"}],"about":[{"href":"https:\/\/agora.xtec.cat\/cfasebastiajuanarbo\/wp-json\/wp\/v2\/types\/post"}],"author":[{"embeddable":true,"href":"https:\/\/agora.xtec.cat\/cfasebastiajuanarbo\/wp-json\/wp\/v2\/users\/1"}],"replies":[{"embeddable":true,"href":"https:\/\/agora.xtec.cat\/cfasebastiajuanarbo\/wp-json\/wp\/v2\/comments?post=2947"}],"version-history":[{"count":4,"href":"https:\/\/agora.xtec.cat\/cfasebastiajuanarbo\/wp-json\/wp\/v2\/posts\/2947\/revisions"}],"predecessor-version":[{"id":2951,"href":"https:\/\/agora.xtec.cat\/cfasebastiajuanarbo\/wp-json\/wp\/v2\/posts\/2947\/revisions\/2951"}],"wp:attachment":[{"href":"https:\/\/agora.xtec.cat\/cfasebastiajuanarbo\/wp-json\/wp\/v2\/media?parent=2947"}],"wp:term":[{"taxonomy":"category","embeddable":true,"href":"https:\/\/agora.xtec.cat\/cfasebastiajuanarbo\/wp-json\/wp\/v2\/categories?post=2947"},{"taxonomy":"post_tag","embeddable":true,"href":"https:\/\/agora.xtec.cat\/cfasebastiajuanarbo\/wp-json\/wp\/v2\/tags?post=2947"}],"curies":[{"name":"wp","href":"https:\/\/api.w.org\/{rel}","templated":true}]}}