{"id":2932,"date":"2023-12-11T13:00:45","date_gmt":"2023-12-11T12:00:45","guid":{"rendered":"https:\/\/agora.xtec.cat\/cfasebastiajuanarbo\/?p=2932"},"modified":"2023-12-11T13:03:14","modified_gmt":"2023-12-11T12:03:14","slug":"voluntariat-per-la-llengua","status":"publish","type":"post","link":"https:\/\/agora.xtec.cat\/cfasebastiajuanarbo\/general\/voluntariat-per-la-llengua\/","title":{"rendered":"VOLUNTARIAT PER LA LLENGUA"},"content":{"rendered":"<p style=\"text-align: justify;\">El CNL (Consorci per la Normalitzaci\u00f3 Ling\u00fc\u00edstica) de les Terres de l&#8217;Ebre presenta al CFA l&#8217;activitat\u00a0<strong>Voluntariat per la Llengua<\/strong>.<\/p>\n<p style=\"text-align: justify;\">Aquesta activitat consisteix a posar en contacte<strong>\u00a0persones que volen aprendre a parlar catal\u00e0<\/strong>\u00a0amb<strong>\u00a0parlants voluntaris<\/strong>\u00a0per tal de fer conversa cada setmana.<\/p>\n<p style=\"text-align: justify;\">Si us resulta atractiva aquesta proposta, us esperem a la presentaci\u00f3 del VxL.<img loading=\"lazy\" decoding=\"async\" class=\"aligncenter size-full wp-image-2933\" src=\"https:\/\/agora.xtec.cat\/cfasebastiajuanarbo\/wp-content\/uploads\/usu957\/2023\/12\/Vxl-CFA-Amposta.jpg\" alt=\"\" width=\"800\" height=\"670\" srcset=\"https:\/\/agora.xtec.cat\/cfasebastiajuanarbo\/wp-content\/uploads\/usu957\/2023\/12\/Vxl-CFA-Amposta.jpg 800w, https:\/\/agora.xtec.cat\/cfasebastiajuanarbo\/wp-content\/uploads\/usu957\/2023\/12\/Vxl-CFA-Amposta-300x250.jpg 300w, https:\/\/agora.xtec.cat\/cfasebastiajuanarbo\/wp-content\/uploads\/usu957\/2023\/12\/Vxl-CFA-Amposta-768x643.jpg 768w\" sizes=\"auto, (max-width: 800px) 100vw, 800px\" \/><\/p>\n","protected":false},"excerpt":{"rendered":"<p>El CNL (Consorci per la Normalitzaci\u00f3 Ling\u00fc\u00edstica) de les Terres de l&#8217;Ebre presenta al CFA l&#8217;activitat\u00a0Voluntariat per la Llengua.<br \/>\nAquesta activitat consisteix a posar en contacte\u00a0persones que volen aprendre a parlar catal\u00e0\u00a0amb\u00a0parlants voluntaris\u00a0per tal de fer conversa cada setmana.<br \/>\nSi us resulta atractiva aquesta proposta, us esperem&hellip;  <a href=\"https:\/\/agora.xtec.cat\/cfasebastiajuanarbo\/general\/voluntariat-per-la-llengua\/\" title=\"Read VOLUNTARIAT PER LA LLENGUA\">Llegeix m\u00e9s\u00bb<\/a><\/p>\n","protected":false},"author":1,"featured_media":0,"comment_status":"open","ping_status":"closed","sticky":false,"template":"","format":"standard","meta":{"_bbp_topic_count":0,"_bbp_reply_count":0,"_bbp_total_topic_count":0,"_bbp_total_reply_count":0,"_bbp_voice_count":0,"_bbp_anonymous_reply_count":0,"_bbp_topic_count_hidden":0,"_bbp_reply_count_hidden":0,"_bbp_forum_subforum_count":0,"footnotes":""},"categories":[59,1,29,87,60],"tags":[],"class_list":["post-2932","post","type-post","status-publish","format-standard","hentry","category-centre","category-general","category-portada","category-selv","category-serveis"],"post_mailing_queue_ids":[],"_links":{"self":[{"href":"https:\/\/agora.xtec.cat\/cfasebastiajuanarbo\/wp-json\/wp\/v2\/posts\/2932","targetHints":{"allow":["GET"]}}],"collection":[{"href":"https:\/\/agora.xtec.cat\/cfasebastiajuanarbo\/wp-json\/wp\/v2\/posts"}],"about":[{"href":"https:\/\/agora.xtec.cat\/cfasebastiajuanarbo\/wp-json\/wp\/v2\/types\/post"}],"author":[{"embeddable":true,"href":"https:\/\/agora.xtec.cat\/cfasebastiajuanarbo\/wp-json\/wp\/v2\/users\/1"}],"replies":[{"embeddable":true,"href":"https:\/\/agora.xtec.cat\/cfasebastiajuanarbo\/wp-json\/wp\/v2\/comments?post=2932"}],"version-history":[{"count":1,"href":"https:\/\/agora.xtec.cat\/cfasebastiajuanarbo\/wp-json\/wp\/v2\/posts\/2932\/revisions"}],"predecessor-version":[{"id":2934,"href":"https:\/\/agora.xtec.cat\/cfasebastiajuanarbo\/wp-json\/wp\/v2\/posts\/2932\/revisions\/2934"}],"wp:attachment":[{"href":"https:\/\/agora.xtec.cat\/cfasebastiajuanarbo\/wp-json\/wp\/v2\/media?parent=2932"}],"wp:term":[{"taxonomy":"category","embeddable":true,"href":"https:\/\/agora.xtec.cat\/cfasebastiajuanarbo\/wp-json\/wp\/v2\/categories?post=2932"},{"taxonomy":"post_tag","embeddable":true,"href":"https:\/\/agora.xtec.cat\/cfasebastiajuanarbo\/wp-json\/wp\/v2\/tags?post=2932"}],"curies":[{"name":"wp","href":"https:\/\/api.w.org\/{rel}","templated":true}]}}