{"id":2908,"date":"2023-11-10T13:12:48","date_gmt":"2023-11-10T12:12:48","guid":{"rendered":"https:\/\/agora.xtec.cat\/cfasebastiajuanarbo\/?p=2908"},"modified":"2023-11-10T14:36:20","modified_gmt":"2023-11-10T13:36:20","slug":"curs-1-deines-de-capacitacio-digital","status":"publish","type":"post","link":"https:\/\/agora.xtec.cat\/cfasebastiajuanarbo\/general\/curs-1-deines-de-capacitacio-digital\/","title":{"rendered":"CURS 1 d&#8217;Eines de Capacitaci\u00f3 Digital"},"content":{"rendered":"<blockquote>\n<div class=\"gmail_default\" style=\"text-align: justify;\"><span style=\"color: #333333;\"><strong><i>Curs 1: M\u00e9s Digitals, nivell A: Descobrim el m\u00f3n digital, (15hores), dirigit a persones que fan un \u00fas espor\u00e0dic de les eines digitals.<\/i><\/strong><\/span><\/div>\n<\/blockquote>\n<blockquote>\n<div class=\"gmail_default\" style=\"text-align: justify;\">\n<p><span style=\"color: #000000;\"><i>Continguts:<br \/>\n<\/i><\/span><\/p>\n<\/div>\n<div class=\"gmail_default\" style=\"text-align: justify;\">\n<p><span style=\"color: #000000;\"><i>Descobrim el m\u00f2bil, Activitats: Explorem el dispositiu. Coneixem les icones, La bateria i el carregador, Les operadores. La primera trucada. Activitats: Trucar a alg\u00fa. Els meus contactes i els preferits. To de trucada: volum i vibraci\u00f3, Rebre trucades i SMS.<\/i><\/span><\/p>\n<\/div>\n<div class=\"gmail_default\">\n<p style=\"text-align: justify;\"><span style=\"color: #000000;\"><i>Que hi ha alg\u00fa? Activitats: La botiga\u00a0d\u2019aplicacions. Instal\u00b7lar aplicacions, Configurar el WhatsApp, Enviar missatges.<\/i><\/span><\/p>\n<\/div>\n<div class=\"gmail_default\">\n<p><span style=\"color: #000000;\"><i>El poso al meu gust. Activitats: Aspectes b\u00e0sics de configuraci\u00f3 (wifi, dades, utilitats&#8230;). Interf\u00edcie d\u2019usuari.<\/i><\/span><\/p>\n<\/div>\n<\/blockquote>\n<div><img loading=\"lazy\" decoding=\"async\" class=\" wp-image-2929 alignright\" src=\"https:\/\/agora.xtec.cat\/cfasebastiajuanarbo\/wp-content\/uploads\/usu957\/2023\/11\/F-DIGITAL-CARTELL-DA-ONLINE_Amb-logos-1_page-0001-scaled.jpg\" alt=\"\" width=\"314\" height=\"444\" srcset=\"https:\/\/agora.xtec.cat\/cfasebastiajuanarbo\/wp-content\/uploads\/usu957\/2023\/11\/F-DIGITAL-CARTELL-DA-ONLINE_Amb-logos-1_page-0001-scaled.jpg 1811w, https:\/\/agora.xtec.cat\/cfasebastiajuanarbo\/wp-content\/uploads\/usu957\/2023\/11\/F-DIGITAL-CARTELL-DA-ONLINE_Amb-logos-1_page-0001-212x300.jpg 212w, https:\/\/agora.xtec.cat\/cfasebastiajuanarbo\/wp-content\/uploads\/usu957\/2023\/11\/F-DIGITAL-CARTELL-DA-ONLINE_Amb-logos-1_page-0001-724x1024.jpg 724w, https:\/\/agora.xtec.cat\/cfasebastiajuanarbo\/wp-content\/uploads\/usu957\/2023\/11\/F-DIGITAL-CARTELL-DA-ONLINE_Amb-logos-1_page-0001-768x1086.jpg 768w, https:\/\/agora.xtec.cat\/cfasebastiajuanarbo\/wp-content\/uploads\/usu957\/2023\/11\/F-DIGITAL-CARTELL-DA-ONLINE_Amb-logos-1_page-0001-1086x1536.jpg 1086w, https:\/\/agora.xtec.cat\/cfasebastiajuanarbo\/wp-content\/uploads\/usu957\/2023\/11\/F-DIGITAL-CARTELL-DA-ONLINE_Amb-logos-1_page-0001-1448x2048.jpg 1448w\" sizes=\"auto, (max-width: 314px) 100vw, 314px\" \/><\/div>\n<div><\/div>\n<div><\/div>\n<div><\/div>\n<div><\/div>\n<div><\/div>\n<blockquote>\n<div class=\"gmail_default\">\n<h4 class=\"gmail_default\" style=\"text-align: center;\"><strong><u><i>Horari:<\/i><\/u><\/strong><br \/>\n<b>23, 28, 30 de novembre\u00a0<\/b><\/h4>\n<h4 class=\"gmail_default\" style=\"text-align: center;\"><b> <\/b><b>5, 12, 14, \u00a0desembre\u00a0<\/b><\/h4>\n<h4 class=\"gmail_default\" style=\"text-align: center;\">de\u00a0 les 12:00h a les 14:30h<\/h4>\n<\/div>\n<\/blockquote>\n<div class=\"gmail_default\" style=\"text-align: center;\"><\/div>\n<div><\/div>\n<div><\/div>\n<blockquote>\n<div class=\"gmail_default\">\n<h5 class=\"gmail_default\" style=\"text-align: center;\"><strong><u><i>Inscripcions:<\/i><\/u><\/strong><\/h5>\n<h4 class=\"gmail_default\" style=\"text-align: center;\">A la\u00a0<b>secretaria<\/b> del CFA<\/h4>\n<h4 class=\"gmail_default\" style=\"text-align: center;\"><b>977700043<\/b><\/h4>\n<h4 class=\"gmail_default\" style=\"text-align: center;\">\u00a0<a href=\"mailto:e3008754@xtec.cat\" target=\"_blank\" rel=\"noopener\">e3008754<\/a><b><a href=\"mailto:e3008754@xtec.cat\" target=\"_blank\" rel=\"noopener\">@xtec.cat<\/a><\/b><\/h4>\n<hr \/>\n<h4 class=\"gmail_default\" style=\"text-align: center;\"><\/h4>\n<\/div>\n<\/blockquote>\n","protected":false},"excerpt":{"rendered":"<p>Curs 1: M\u00e9s Digitals, nivell A: Descobrim el m\u00f3n digital, (15hores), dirigit a persones que fan un \u00fas espor\u00e0dic de les eines digitals.<\/p>\n<p>Continguts:<\/p>\n<p>Descobrim el m\u00f2bil, Activitats: Explorem el dispositiu. Coneixem les icones, La bateria i el carregador, Les operadores. La primera trucada. Activitats: Trucar a&hellip;  <a href=\"https:\/\/agora.xtec.cat\/cfasebastiajuanarbo\/general\/curs-1-deines-de-capacitacio-digital\/\" title=\"Read CURS 1 d&#8217;Eines de Capacitaci\u00f3 Digital\">Llegeix m\u00e9s\u00bb<\/a><\/p>\n","protected":false},"author":1,"featured_media":0,"comment_status":"open","ping_status":"closed","sticky":false,"template":"","format":"standard","meta":{"_bbp_topic_count":0,"_bbp_reply_count":0,"_bbp_total_topic_count":0,"_bbp_total_reply_count":0,"_bbp_voice_count":0,"_bbp_anonymous_reply_count":0,"_bbp_topic_count_hidden":0,"_bbp_reply_count_hidden":0,"_bbp_forum_subforum_count":0,"footnotes":""},"categories":[59,1,29,87,60],"tags":[],"class_list":["post-2908","post","type-post","status-publish","format-standard","hentry","category-centre","category-general","category-portada","category-selv","category-serveis"],"post_mailing_queue_ids":[],"_links":{"self":[{"href":"https:\/\/agora.xtec.cat\/cfasebastiajuanarbo\/wp-json\/wp\/v2\/posts\/2908","targetHints":{"allow":["GET"]}}],"collection":[{"href":"https:\/\/agora.xtec.cat\/cfasebastiajuanarbo\/wp-json\/wp\/v2\/posts"}],"about":[{"href":"https:\/\/agora.xtec.cat\/cfasebastiajuanarbo\/wp-json\/wp\/v2\/types\/post"}],"author":[{"embeddable":true,"href":"https:\/\/agora.xtec.cat\/cfasebastiajuanarbo\/wp-json\/wp\/v2\/users\/1"}],"replies":[{"embeddable":true,"href":"https:\/\/agora.xtec.cat\/cfasebastiajuanarbo\/wp-json\/wp\/v2\/comments?post=2908"}],"version-history":[{"count":6,"href":"https:\/\/agora.xtec.cat\/cfasebastiajuanarbo\/wp-json\/wp\/v2\/posts\/2908\/revisions"}],"predecessor-version":[{"id":2930,"href":"https:\/\/agora.xtec.cat\/cfasebastiajuanarbo\/wp-json\/wp\/v2\/posts\/2908\/revisions\/2930"}],"wp:attachment":[{"href":"https:\/\/agora.xtec.cat\/cfasebastiajuanarbo\/wp-json\/wp\/v2\/media?parent=2908"}],"wp:term":[{"taxonomy":"category","embeddable":true,"href":"https:\/\/agora.xtec.cat\/cfasebastiajuanarbo\/wp-json\/wp\/v2\/categories?post=2908"},{"taxonomy":"post_tag","embeddable":true,"href":"https:\/\/agora.xtec.cat\/cfasebastiajuanarbo\/wp-json\/wp\/v2\/tags?post=2908"}],"curies":[{"name":"wp","href":"https:\/\/api.w.org\/{rel}","templated":true}]}}