{"id":2643,"date":"2023-06-20T11:24:12","date_gmt":"2023-06-20T09:24:12","guid":{"rendered":"https:\/\/agora.xtec.cat\/cfasebastiajuanarbo\/?p=2643"},"modified":"2023-06-20T11:40:49","modified_gmt":"2023-06-20T09:40:49","slug":"entrevista-radio-amposta","status":"publish","type":"post","link":"https:\/\/agora.xtec.cat\/cfasebastiajuanarbo\/general\/entrevista-radio-amposta\/","title":{"rendered":"Entrevista Amposta R\u00e0dio"},"content":{"rendered":"<p>Entrevista a alumnes, antics alumnes i la cap d&#8217;estudis del Centre de Formaci\u00f3 d&#8217;Adults Sebasti\u00e0 Juan Arb\u00f3.<\/p>\n<p><a href=\"https:\/\/www.instagram.com\/reel\/CttJ0D4gp-r\/?igshid=MzRlODBiNWFlZA==\"><img loading=\"lazy\" decoding=\"async\" class=\"size-full wp-image-2645 alignleft\" src=\"https:\/\/agora.xtec.cat\/cfasebastiajuanarbo\/wp-content\/uploads\/usu957\/2023\/06\/Captura-de-pantalla-2023-06-20-112901.png\" alt=\"\" width=\"553\" height=\"334\" srcset=\"https:\/\/agora.xtec.cat\/cfasebastiajuanarbo\/wp-content\/uploads\/usu957\/2023\/06\/Captura-de-pantalla-2023-06-20-112901.png 553w, https:\/\/agora.xtec.cat\/cfasebastiajuanarbo\/wp-content\/uploads\/usu957\/2023\/06\/Captura-de-pantalla-2023-06-20-112901-300x181.png 300w\" sizes=\"auto, (max-width: 553px) 100vw, 553px\" \/><\/a><\/p>\n<p>&nbsp;<\/p>\n<p>&nbsp;<\/p>\n","protected":false},"excerpt":{"rendered":"<p>Entrevista a alumnes, antics alumnes i la cap d&#8217;estudis del Centre de Formaci\u00f3 d&#8217;Adults Sebasti\u00e0 Juan Arb\u00f3.<br \/>\n<a href=\"https:\/\/www.instagram.com\/reel\/CttJ0D4gp-r\/?igshid=MzRlODBiNWFlZA==\"><\/a><br \/>\n&nbsp;<br \/>\n&nbsp;<\/p>\n","protected":false},"author":1,"featured_media":0,"comment_status":"open","ping_status":"closed","sticky":false,"template":"","format":"standard","meta":{"_bbp_topic_count":0,"_bbp_reply_count":0,"_bbp_total_topic_count":0,"_bbp_total_reply_count":0,"_bbp_voice_count":0,"_bbp_anonymous_reply_count":0,"_bbp_topic_count_hidden":0,"_bbp_reply_count_hidden":0,"_bbp_forum_subforum_count":0,"footnotes":""},"categories":[1,29],"tags":[],"class_list":["post-2643","post","type-post","status-publish","format-standard","hentry","category-general","category-portada"],"post_mailing_queue_ids":[],"_links":{"self":[{"href":"https:\/\/agora.xtec.cat\/cfasebastiajuanarbo\/wp-json\/wp\/v2\/posts\/2643","targetHints":{"allow":["GET"]}}],"collection":[{"href":"https:\/\/agora.xtec.cat\/cfasebastiajuanarbo\/wp-json\/wp\/v2\/posts"}],"about":[{"href":"https:\/\/agora.xtec.cat\/cfasebastiajuanarbo\/wp-json\/wp\/v2\/types\/post"}],"author":[{"embeddable":true,"href":"https:\/\/agora.xtec.cat\/cfasebastiajuanarbo\/wp-json\/wp\/v2\/users\/1"}],"replies":[{"embeddable":true,"href":"https:\/\/agora.xtec.cat\/cfasebastiajuanarbo\/wp-json\/wp\/v2\/comments?post=2643"}],"version-history":[{"count":4,"href":"https:\/\/agora.xtec.cat\/cfasebastiajuanarbo\/wp-json\/wp\/v2\/posts\/2643\/revisions"}],"predecessor-version":[{"id":2650,"href":"https:\/\/agora.xtec.cat\/cfasebastiajuanarbo\/wp-json\/wp\/v2\/posts\/2643\/revisions\/2650"}],"wp:attachment":[{"href":"https:\/\/agora.xtec.cat\/cfasebastiajuanarbo\/wp-json\/wp\/v2\/media?parent=2643"}],"wp:term":[{"taxonomy":"category","embeddable":true,"href":"https:\/\/agora.xtec.cat\/cfasebastiajuanarbo\/wp-json\/wp\/v2\/categories?post=2643"},{"taxonomy":"post_tag","embeddable":true,"href":"https:\/\/agora.xtec.cat\/cfasebastiajuanarbo\/wp-json\/wp\/v2\/tags?post=2643"}],"curies":[{"name":"wp","href":"https:\/\/api.w.org\/{rel}","templated":true}]}}