{"id":2484,"date":"2022-12-01T15:29:55","date_gmt":"2022-12-01T14:29:55","guid":{"rendered":"https:\/\/agora.xtec.cat\/cfasebastiajuanarbo\/?p=2484"},"modified":"2022-12-01T15:30:14","modified_gmt":"2022-12-01T14:30:14","slug":"sortida-al-museu-de-les-terres-de-lebre","status":"publish","type":"post","link":"https:\/\/agora.xtec.cat\/cfasebastiajuanarbo\/general\/sortida-al-museu-de-les-terres-de-lebre\/","title":{"rendered":"SORTIDA AL MUSEU DE LES TERRES DE L&#8217;EBRE"},"content":{"rendered":"<div class=\"x11i5rnm xat24cr x1mh8g0r x1vvkbs xdj266r x126k92a\">\n<div dir=\"auto\">\r\n\t<div class=\"slideshow_container slideshow_container_style-light\" style=\"height: 300px; \" data-slideshow-id=\"2486\" data-style-name=\"style-light\" data-style-version=\"2.3.1\" >\r\n\r\n\t\t\t\t\t<div class=\"slideshow_loading_icon\"><\/div>\r\n\t\t\r\n\t\t<div class=\"slideshow_content\" style=\"display: none;\">\r\n\r\n\t\t\t<div class=\"slideshow_view\">\r\n\t\t\t\t<div class=\"slideshow_slide slideshow_slide_image\">\r\n\t\t\t\t\t\t\t\t\t\t\t<img src=\"https:\/\/agora.xtec.cat\/cfasebastiajuanarbo\/wp-content\/uploads\/usu957\/2022\/11\/cdv_photo_1668691496.jpg\" alt=\"\" width=\"800\" height=\"600\" \/>\r\n\t\t\t\t\t\t\t\t\t\t<div class=\"slideshow_description_box slideshow_transparent\">\r\n\t\t\t\t\t\t\t\t\t\t\t\t\t\t\t\t\t<\/div>\r\n\t\t\t\t<\/div>\r\n\r\n\t\t\t\t\t\t<div style=\"clear: both;\"><\/div><\/div><div class=\"slideshow_view\">\r\n\t\t\t\t<div class=\"slideshow_slide slideshow_slide_image\">\r\n\t\t\t\t\t\t\t\t\t\t\t<img src=\"https:\/\/agora.xtec.cat\/cfasebastiajuanarbo\/wp-content\/uploads\/usu957\/2022\/11\/cdv_photo_1669307841.jpg\" alt=\"\" width=\"800\" height=\"1066\" \/>\r\n\t\t\t\t\t\t\t\t\t\t<div class=\"slideshow_description_box slideshow_transparent\">\r\n\t\t\t\t\t\t\t\t\t\t\t\t\t\t\t\t\t<\/div>\r\n\t\t\t\t<\/div>\r\n\r\n\t\t\t\t\t\t<div style=\"clear: both;\"><\/div><\/div>\r\n\t\t<\/div>\r\n\r\n\t\t<div class=\"slideshow_controlPanel slideshow_transparent\" style=\"display: none;\"><ul><li class=\"slideshow_togglePlay\" data-play-text=\"Visualitza\" data-pause-text=\"Pausa\"><\/li><\/ul><\/div>\r\n\r\n\t\t<div class=\"slideshow_button slideshow_previous slideshow_transparent\" role=\"button\" data-previous-text=\"Anterior\" style=\"display: none;\"><\/div>\r\n\t\t<div class=\"slideshow_button slideshow_next slideshow_transparent\" role=\"button\" data-next-text=\"Seg\u00fcent\" style=\"display: none;\"><\/div>\r\n\r\n\t\t<div class=\"slideshow_pagination\" style=\"display: none;\" data-go-to-text=\"V\u00e9s a la diapositiva\"><div class=\"slideshow_pagination_center\"><\/div><\/div>\r\n\r\n\t\t<!-- WordPress Slideshow Version 2.3.1 -->\r\n\r\n\t\t\t<\/div>\r\n\r\n<\/div>\n<\/div>\n<div class=\"x11i5rnm xat24cr x1mh8g0r x1vvkbs xtlvy1s x126k92a\">\n<p dir=\"auto\">Alumnes de Formaci\u00f3 Instrumental-1, Castell\u00e0-1 , Catal\u00e0-1 i Catal\u00e0-1, amb la seva professora, van fer una visita al Museu de les TTEE el passat 17-11. Al museu van poder veure un munt d&#8217;objectes i troballes arqueol\u00f2giques que ens ajuden a con\u00e8ixer la hist\u00f2ria del nostre territori per aix\u00ed poder-lo entendre millor.<\/p>\n<p dir=\"auto\">Una visita molt interessant que recomanem a tothom.<\/p>\n<\/div>\n","protected":false},"excerpt":{"rendered":"<ul>\n<li class=\"slideshow_togglePlay\" data-play-text=\"Visualitza\" data-pause-text=\"Pausa\"><\/li>\n<\/ul>\n<p>Alumnes de Formaci\u00f3 Instrumental-1, Castell\u00e0-1 , Catal\u00e0-1 i Catal\u00e0-1, amb la seva professora, van fer una visita al Museu de les TTEE el passat 17-11. Al museu van poder veure un munt d&#8217;objectes i troballes arqueol\u00f2giques que ens ajuden a con\u00e8ixer la&hellip;  <a href=\"https:\/\/agora.xtec.cat\/cfasebastiajuanarbo\/general\/sortida-al-museu-de-les-terres-de-lebre\/\" title=\"Read SORTIDA AL MUSEU DE LES TERRES DE L&#8217;EBRE\">Llegeix m\u00e9s\u00bb<\/a><\/p>\n","protected":false},"author":1,"featured_media":2447,"comment_status":"open","ping_status":"closed","sticky":false,"template":"","format":"standard","meta":{"_bbp_topic_count":0,"_bbp_reply_count":0,"_bbp_total_topic_count":0,"_bbp_total_reply_count":0,"_bbp_voice_count":0,"_bbp_anonymous_reply_count":0,"_bbp_topic_count_hidden":0,"_bbp_reply_count_hidden":0,"_bbp_forum_subforum_count":0,"footnotes":""},"categories":[59,1,29,87,60],"tags":[],"class_list":["post-2484","post","type-post","status-publish","format-standard","has-post-thumbnail","hentry","category-centre","category-general","category-portada","category-selv","category-serveis"],"post_mailing_queue_ids":[],"_links":{"self":[{"href":"https:\/\/agora.xtec.cat\/cfasebastiajuanarbo\/wp-json\/wp\/v2\/posts\/2484","targetHints":{"allow":["GET"]}}],"collection":[{"href":"https:\/\/agora.xtec.cat\/cfasebastiajuanarbo\/wp-json\/wp\/v2\/posts"}],"about":[{"href":"https:\/\/agora.xtec.cat\/cfasebastiajuanarbo\/wp-json\/wp\/v2\/types\/post"}],"author":[{"embeddable":true,"href":"https:\/\/agora.xtec.cat\/cfasebastiajuanarbo\/wp-json\/wp\/v2\/users\/1"}],"replies":[{"embeddable":true,"href":"https:\/\/agora.xtec.cat\/cfasebastiajuanarbo\/wp-json\/wp\/v2\/comments?post=2484"}],"version-history":[{"count":2,"href":"https:\/\/agora.xtec.cat\/cfasebastiajuanarbo\/wp-json\/wp\/v2\/posts\/2484\/revisions"}],"predecessor-version":[{"id":2487,"href":"https:\/\/agora.xtec.cat\/cfasebastiajuanarbo\/wp-json\/wp\/v2\/posts\/2484\/revisions\/2487"}],"wp:featuredmedia":[{"embeddable":true,"href":"https:\/\/agora.xtec.cat\/cfasebastiajuanarbo\/wp-json\/wp\/v2\/media\/2447"}],"wp:attachment":[{"href":"https:\/\/agora.xtec.cat\/cfasebastiajuanarbo\/wp-json\/wp\/v2\/media?parent=2484"}],"wp:term":[{"taxonomy":"category","embeddable":true,"href":"https:\/\/agora.xtec.cat\/cfasebastiajuanarbo\/wp-json\/wp\/v2\/categories?post=2484"},{"taxonomy":"post_tag","embeddable":true,"href":"https:\/\/agora.xtec.cat\/cfasebastiajuanarbo\/wp-json\/wp\/v2\/tags?post=2484"}],"curies":[{"name":"wp","href":"https:\/\/api.w.org\/{rel}","templated":true}]}}