{"id":2378,"date":"2022-09-16T13:28:53","date_gmt":"2022-09-16T11:28:53","guid":{"rendered":"https:\/\/agora.xtec.cat\/cfasebastiajuanarbo\/?p=2378"},"modified":"2022-09-16T13:29:35","modified_gmt":"2022-09-16T11:29:35","slug":"1a-trobada-centres-de-formacio-dadults-de-les-terres-de-lebre","status":"publish","type":"post","link":"https:\/\/agora.xtec.cat\/cfasebastiajuanarbo\/general\/1a-trobada-centres-de-formacio-dadults-de-les-terres-de-lebre\/","title":{"rendered":"1a Trobada Centres de Formaci\u00f3 d&#8217;Adults de les Terres de l&#8217;Ebre"},"content":{"rendered":"<p>El passat dimecres 15 de setembre, l&#8217;equip docent del CFA Sebasti\u00e0 Juan Arb\u00f3 va participar en la 1a Trobada de Centres de Formaci\u00f3 d&#8217;Adults de Terres de l&#8217;Ebre. La finalitat d&#8217;aquest esdeveniment va ser la formaci\u00f3 d&#8217;una xarxa de treball a nivell de territori. El lema d&#8217;aquest acte va estar:&#8221; Cap de nosaltres \u00e9s millor que tots nosaltres junts&#8221;.<img loading=\"lazy\" decoding=\"async\" class=\"aligncenter size-large wp-image-2379\" src=\"https:\/\/agora.xtec.cat\/cfasebastiajuanarbo\/wp-content\/uploads\/usu957\/2022\/09\/WhatsApp-Image-2022-09-14-at-14.30.29-1024x545.jpeg\" alt=\"\" width=\"1024\" height=\"545\" srcset=\"https:\/\/agora.xtec.cat\/cfasebastiajuanarbo\/wp-content\/uploads\/usu957\/2022\/09\/WhatsApp-Image-2022-09-14-at-14.30.29-1024x545.jpeg 1024w, https:\/\/agora.xtec.cat\/cfasebastiajuanarbo\/wp-content\/uploads\/usu957\/2022\/09\/WhatsApp-Image-2022-09-14-at-14.30.29-300x160.jpeg 300w, https:\/\/agora.xtec.cat\/cfasebastiajuanarbo\/wp-content\/uploads\/usu957\/2022\/09\/WhatsApp-Image-2022-09-14-at-14.30.29-768x409.jpeg 768w, https:\/\/agora.xtec.cat\/cfasebastiajuanarbo\/wp-content\/uploads\/usu957\/2022\/09\/WhatsApp-Image-2022-09-14-at-14.30.29.jpeg 1451w\" sizes=\"auto, (max-width: 1024px) 100vw, 1024px\" \/><\/p>\n","protected":false},"excerpt":{"rendered":"<p>El passat dimecres 15 de setembre, l&#8217;equip docent del CFA Sebasti\u00e0 Juan Arb\u00f3 va participar en la 1a Trobada de Centres de Formaci\u00f3 d&#8217;Adults de Terres de l&#8217;Ebre. La finalitat d&#8217;aquest esdeveniment va ser la formaci\u00f3 d&#8217;una xarxa de treball a nivell de territori. El&hellip;  <a href=\"https:\/\/agora.xtec.cat\/cfasebastiajuanarbo\/general\/1a-trobada-centres-de-formacio-dadults-de-les-terres-de-lebre\/\" title=\"Read 1a Trobada Centres de Formaci\u00f3 d&#8217;Adults de les Terres de l&#8217;Ebre\">Llegeix m\u00e9s\u00bb<\/a><\/p>\n","protected":false},"author":1,"featured_media":0,"comment_status":"open","ping_status":"closed","sticky":false,"template":"","format":"standard","meta":{"_bbp_topic_count":0,"_bbp_reply_count":0,"_bbp_total_topic_count":0,"_bbp_total_reply_count":0,"_bbp_voice_count":0,"_bbp_anonymous_reply_count":0,"_bbp_topic_count_hidden":0,"_bbp_reply_count_hidden":0,"_bbp_forum_subforum_count":0,"footnotes":""},"categories":[59,1,29,87,60],"tags":[],"class_list":["post-2378","post","type-post","status-publish","format-standard","hentry","category-centre","category-general","category-portada","category-selv","category-serveis"],"post_mailing_queue_ids":[],"_links":{"self":[{"href":"https:\/\/agora.xtec.cat\/cfasebastiajuanarbo\/wp-json\/wp\/v2\/posts\/2378","targetHints":{"allow":["GET"]}}],"collection":[{"href":"https:\/\/agora.xtec.cat\/cfasebastiajuanarbo\/wp-json\/wp\/v2\/posts"}],"about":[{"href":"https:\/\/agora.xtec.cat\/cfasebastiajuanarbo\/wp-json\/wp\/v2\/types\/post"}],"author":[{"embeddable":true,"href":"https:\/\/agora.xtec.cat\/cfasebastiajuanarbo\/wp-json\/wp\/v2\/users\/1"}],"replies":[{"embeddable":true,"href":"https:\/\/agora.xtec.cat\/cfasebastiajuanarbo\/wp-json\/wp\/v2\/comments?post=2378"}],"version-history":[{"count":2,"href":"https:\/\/agora.xtec.cat\/cfasebastiajuanarbo\/wp-json\/wp\/v2\/posts\/2378\/revisions"}],"predecessor-version":[{"id":2381,"href":"https:\/\/agora.xtec.cat\/cfasebastiajuanarbo\/wp-json\/wp\/v2\/posts\/2378\/revisions\/2381"}],"wp:attachment":[{"href":"https:\/\/agora.xtec.cat\/cfasebastiajuanarbo\/wp-json\/wp\/v2\/media?parent=2378"}],"wp:term":[{"taxonomy":"category","embeddable":true,"href":"https:\/\/agora.xtec.cat\/cfasebastiajuanarbo\/wp-json\/wp\/v2\/categories?post=2378"},{"taxonomy":"post_tag","embeddable":true,"href":"https:\/\/agora.xtec.cat\/cfasebastiajuanarbo\/wp-json\/wp\/v2\/tags?post=2378"}],"curies":[{"name":"wp","href":"https:\/\/api.w.org\/{rel}","templated":true}]}}