{"id":1931,"date":"2021-11-10T16:51:04","date_gmt":"2021-11-10T15:51:04","guid":{"rendered":"https:\/\/agora.xtec.cat\/cfasebastiajuanarbo\/?p=1931"},"modified":"2021-11-12T10:39:12","modified_gmt":"2021-11-12T09:39:12","slug":"parelles-linguistiques","status":"publish","type":"post","link":"https:\/\/agora.xtec.cat\/cfasebastiajuanarbo\/general\/parelles-linguistiques\/","title":{"rendered":"Parelles Ling\u00fc\u00edstiques"},"content":{"rendered":"<p><img loading=\"lazy\" decoding=\"async\" class=\"aligncenter size-full wp-image-1932\" src=\"https:\/\/agora.xtec.cat\/cfasebastiajuanarbo\/wp-content\/uploads\/usu957\/2021\/11\/0001-scaled.jpg\" alt=\"\" width=\"2560\" height=\"2194\" srcset=\"https:\/\/agora.xtec.cat\/cfasebastiajuanarbo\/wp-content\/uploads\/usu957\/2021\/11\/0001-scaled.jpg 2560w, https:\/\/agora.xtec.cat\/cfasebastiajuanarbo\/wp-content\/uploads\/usu957\/2021\/11\/0001-300x257.jpg 300w, https:\/\/agora.xtec.cat\/cfasebastiajuanarbo\/wp-content\/uploads\/usu957\/2021\/11\/0001-1024x878.jpg 1024w, https:\/\/agora.xtec.cat\/cfasebastiajuanarbo\/wp-content\/uploads\/usu957\/2021\/11\/0001-768x658.jpg 768w, https:\/\/agora.xtec.cat\/cfasebastiajuanarbo\/wp-content\/uploads\/usu957\/2021\/11\/0001-1536x1316.jpg 1536w, https:\/\/agora.xtec.cat\/cfasebastiajuanarbo\/wp-content\/uploads\/usu957\/2021\/11\/0001-2048x1755.jpg 2048w\" sizes=\"auto, (max-width: 2560px) 100vw, 2560px\" \/><\/p>\n<p>En col\u00b7laboraci\u00f3 amb el Consorci de Normalitzaci\u00f3 Ling\u00fc\u00edstica de les Terres de l\u2019Ebre, el CFA presenta l\u2019activitat <strong>Parelles Ling\u00fc\u00edstiques<\/strong>, dins el programa del <strong>Voluntariat per la Llengua<\/strong>.<br \/>\nAquesta activitat consisteix a posar en contacte persones que aprenen el catal\u00e0 amb persones catalanoparlants volunt\u00e0ries, amb la intenci\u00f3 d\u2019organitzar-hi trobades per practicar la llengua.<br \/>\nSi tens ganes de con\u00e8ixer gent d\u2019altres cultures i participar en aquest projecte, com a aprenent o com a voluntari, pots rebre m\u00e9s informaci\u00f3 i inscriure\u2019t en el programa en l\u2019acte de presentaci\u00f3 que se celebrar\u00e0 properament aqu\u00ed al centre.<\/p>\n","protected":false},"excerpt":{"rendered":"<p>En col\u00b7laboraci\u00f3 amb el Consorci de Normalitzaci\u00f3 Ling\u00fc\u00edstica de les Terres de l\u2019Ebre, el CFA presenta l\u2019activitat Parelles Ling\u00fc\u00edstiques, dins el programa del Voluntariat per la Llengua.<br \/>\nAquesta activitat consisteix a posar en contacte persones que aprenen el catal\u00e0 amb persones catalanoparlants volunt\u00e0ries, amb la intenci\u00f3&hellip;  <a href=\"https:\/\/agora.xtec.cat\/cfasebastiajuanarbo\/general\/parelles-linguistiques\/\" title=\"Read Parelles Ling\u00fc\u00edstiques\">Llegeix m\u00e9s\u00bb<\/a><\/p>\n","protected":false},"author":1,"featured_media":0,"comment_status":"open","ping_status":"closed","sticky":false,"template":"","format":"standard","meta":{"_bbp_topic_count":0,"_bbp_reply_count":0,"_bbp_total_topic_count":0,"_bbp_total_reply_count":0,"_bbp_voice_count":0,"_bbp_anonymous_reply_count":0,"_bbp_topic_count_hidden":0,"_bbp_reply_count_hidden":0,"_bbp_forum_subforum_count":0,"footnotes":""},"categories":[59,1,29,87],"tags":[],"class_list":["post-1931","post","type-post","status-publish","format-standard","hentry","category-centre","category-general","category-portada","category-selv"],"post_mailing_queue_ids":[],"_links":{"self":[{"href":"https:\/\/agora.xtec.cat\/cfasebastiajuanarbo\/wp-json\/wp\/v2\/posts\/1931","targetHints":{"allow":["GET"]}}],"collection":[{"href":"https:\/\/agora.xtec.cat\/cfasebastiajuanarbo\/wp-json\/wp\/v2\/posts"}],"about":[{"href":"https:\/\/agora.xtec.cat\/cfasebastiajuanarbo\/wp-json\/wp\/v2\/types\/post"}],"author":[{"embeddable":true,"href":"https:\/\/agora.xtec.cat\/cfasebastiajuanarbo\/wp-json\/wp\/v2\/users\/1"}],"replies":[{"embeddable":true,"href":"https:\/\/agora.xtec.cat\/cfasebastiajuanarbo\/wp-json\/wp\/v2\/comments?post=1931"}],"version-history":[{"count":3,"href":"https:\/\/agora.xtec.cat\/cfasebastiajuanarbo\/wp-json\/wp\/v2\/posts\/1931\/revisions"}],"predecessor-version":[{"id":1938,"href":"https:\/\/agora.xtec.cat\/cfasebastiajuanarbo\/wp-json\/wp\/v2\/posts\/1931\/revisions\/1938"}],"wp:attachment":[{"href":"https:\/\/agora.xtec.cat\/cfasebastiajuanarbo\/wp-json\/wp\/v2\/media?parent=1931"}],"wp:term":[{"taxonomy":"category","embeddable":true,"href":"https:\/\/agora.xtec.cat\/cfasebastiajuanarbo\/wp-json\/wp\/v2\/categories?post=1931"},{"taxonomy":"post_tag","embeddable":true,"href":"https:\/\/agora.xtec.cat\/cfasebastiajuanarbo\/wp-json\/wp\/v2\/tags?post=1931"}],"curies":[{"name":"wp","href":"https:\/\/api.w.org\/{rel}","templated":true}]}}