{"id":1520,"date":"2021-03-05T12:47:50","date_gmt":"2021-03-05T11:47:50","guid":{"rendered":"http:\/\/agora.xtec.cat\/cfasebastiajuanarbo\/?p=1520"},"modified":"2021-03-05T12:47:50","modified_gmt":"2021-03-05T11:47:50","slug":"som8demarc-somcorresponsables","status":"publish","type":"post","link":"https:\/\/agora.xtec.cat\/cfasebastiajuanarbo\/general\/som8demarc-somcorresponsables\/","title":{"rendered":"#Som8deMar\u00e7 #SomCorresponsables"},"content":{"rendered":"<p style=\"text-align: justify;\">Amb motiu del Dia internacional de les Dones, la Generalitat divulga la campanya &#8216;Dones i homes, corresponsables! #Som8deMar\u00e7 #SomCorresponsables&#8217;. En aquesta ocasi\u00f3 les reivindicacions se centren en com la pand\u00e8mia de la COVID-19 ha posat de relleu les greus discriminacions que encara s\u2019exerceixen sobre les dones.<\/p>\n<p style=\"text-align: justify;\">Doneu un cop d&#8217;ull als seg\u00fcents enlla\u00e7os. En el primer, podreu veure per qu\u00e8 es celebra el #8demar\u00e7. En el segon, trobareu un q\u00fcestionari que us permetr\u00e0 reflexionar sobre si el repartiment de les tasques dom\u00e8stiques a casa vostra \u00e9s equitatiu. Us animeu a fer-lo?<\/p>\n<p>Enlla\u00e7 q\u00fcestionari: <a href=\"http:\/\/scur.cat\/XYK0JB\" target=\"_blank\" rel=\"noopener noreferrer\">http:\/\/scur.cat\/XYK0JB<\/a><\/p>\n<p>Enlla\u00e7 infografia: <a href=\"http:\/\/scur.cat\/9C8D78\" target=\"_blank\" rel=\"noopener noreferrer\">http:\/\/scur.cat\/9C8D78<\/a><\/p>\n<p>&nbsp;<\/p>\n<p><a href=\"https:\/\/agora.xtec.cat\/cfasebastiajuanarbo\/wp-content\/uploads\/usu957\/2021\/03\/8-de-mar\u00e7.png\"><img loading=\"lazy\" decoding=\"async\" class=\"aligncenter size-large wp-image-1519\" src=\"https:\/\/agora.xtec.cat\/cfasebastiajuanarbo\/wp-content\/uploads\/usu957\/2021\/03\/8-de-mar\u00e7-1024x1024.png\" alt=\"\" width=\"1024\" height=\"1024\" srcset=\"https:\/\/agora.xtec.cat\/cfasebastiajuanarbo\/wp-content\/uploads\/usu957\/2021\/03\/8-de-mar\u00e7-1024x1024.png 1024w, https:\/\/agora.xtec.cat\/cfasebastiajuanarbo\/wp-content\/uploads\/usu957\/2021\/03\/8-de-mar\u00e7-150x150.png 150w, https:\/\/agora.xtec.cat\/cfasebastiajuanarbo\/wp-content\/uploads\/usu957\/2021\/03\/8-de-mar\u00e7-300x300.png 300w, https:\/\/agora.xtec.cat\/cfasebastiajuanarbo\/wp-content\/uploads\/usu957\/2021\/03\/8-de-mar\u00e7-768x768.png 768w, https:\/\/agora.xtec.cat\/cfasebastiajuanarbo\/wp-content\/uploads\/usu957\/2021\/03\/8-de-mar\u00e7.png 1080w\" sizes=\"auto, (max-width: 1024px) 100vw, 1024px\" \/><\/a><\/p>\n","protected":false},"excerpt":{"rendered":"<p>Amb motiu del Dia internacional de les Dones, la Generalitat divulga la campanya &#8216;Dones i homes, corresponsables! #Som8deMar\u00e7 #SomCorresponsables&#8217;. En aquesta ocasi\u00f3 les reivindicacions se centren en com la pand\u00e8mia de la COVID-19 ha posat de relleu les greus discriminacions que encara s\u2019exerceixen sobre les&hellip;  <a href=\"https:\/\/agora.xtec.cat\/cfasebastiajuanarbo\/general\/som8demarc-somcorresponsables\/\" title=\"Read #Som8deMar\u00e7 #SomCorresponsables\">Llegeix m\u00e9s\u00bb<\/a><\/p>\n","protected":false},"author":1,"featured_media":0,"comment_status":"open","ping_status":"closed","sticky":false,"template":"","format":"standard","meta":{"_bbp_topic_count":0,"_bbp_reply_count":0,"_bbp_total_topic_count":0,"_bbp_total_reply_count":0,"_bbp_voice_count":0,"_bbp_anonymous_reply_count":0,"_bbp_topic_count_hidden":0,"_bbp_reply_count_hidden":0,"_bbp_forum_subforum_count":0,"footnotes":""},"categories":[59,1,29,87,60],"tags":[],"class_list":["post-1520","post","type-post","status-publish","format-standard","hentry","category-centre","category-general","category-portada","category-selv","category-serveis"],"post_mailing_queue_ids":[],"_links":{"self":[{"href":"https:\/\/agora.xtec.cat\/cfasebastiajuanarbo\/wp-json\/wp\/v2\/posts\/1520","targetHints":{"allow":["GET"]}}],"collection":[{"href":"https:\/\/agora.xtec.cat\/cfasebastiajuanarbo\/wp-json\/wp\/v2\/posts"}],"about":[{"href":"https:\/\/agora.xtec.cat\/cfasebastiajuanarbo\/wp-json\/wp\/v2\/types\/post"}],"author":[{"embeddable":true,"href":"https:\/\/agora.xtec.cat\/cfasebastiajuanarbo\/wp-json\/wp\/v2\/users\/1"}],"replies":[{"embeddable":true,"href":"https:\/\/agora.xtec.cat\/cfasebastiajuanarbo\/wp-json\/wp\/v2\/comments?post=1520"}],"version-history":[{"count":3,"href":"https:\/\/agora.xtec.cat\/cfasebastiajuanarbo\/wp-json\/wp\/v2\/posts\/1520\/revisions"}],"predecessor-version":[{"id":1525,"href":"https:\/\/agora.xtec.cat\/cfasebastiajuanarbo\/wp-json\/wp\/v2\/posts\/1520\/revisions\/1525"}],"wp:attachment":[{"href":"https:\/\/agora.xtec.cat\/cfasebastiajuanarbo\/wp-json\/wp\/v2\/media?parent=1520"}],"wp:term":[{"taxonomy":"category","embeddable":true,"href":"https:\/\/agora.xtec.cat\/cfasebastiajuanarbo\/wp-json\/wp\/v2\/categories?post=1520"},{"taxonomy":"post_tag","embeddable":true,"href":"https:\/\/agora.xtec.cat\/cfasebastiajuanarbo\/wp-json\/wp\/v2\/tags?post=1520"}],"curies":[{"name":"wp","href":"https:\/\/api.w.org\/{rel}","templated":true}]}}