{"id":1501,"date":"2021-02-19T11:34:03","date_gmt":"2021-02-19T10:34:03","guid":{"rendered":"http:\/\/agora.xtec.cat\/cfasebastiajuanarbo\/?p=1501"},"modified":"2021-02-19T11:35:31","modified_gmt":"2021-02-19T10:35:31","slug":"el-gust-per-la-lectura","status":"publish","type":"post","link":"https:\/\/agora.xtec.cat\/cfasebastiajuanarbo\/general\/el-gust-per-la-lectura\/","title":{"rendered":"El gust per la lectura"},"content":{"rendered":"<p>L&#8217;alumnat de GESII del nostre centre participar\u00e0 en aquesta edici\u00f3 del concurs El gust per la lectura amb un treball, que podreu veure m\u00e9s avant en aquest web, sobre la novel.la <em><strong>La pell freda<\/strong><\/em> d&#8217;Albert S\u00e1nchez Pi\u00f1ol.<br \/>\nPodeu consultar les bases del concurs en aquest enlla\u00e7: http:\/\/xtec.gencat.cat\/ca\/projectes\/lectura\/gustperlalectura\/concurs\/convocatoriaibases\/ <a class=\" xil3i\" tabindex=\"0\" href=\"https:\/\/www.instagram.com\/explore\/tags\/cfa\/\">#cfa\u00a0<\/a><a class=\" xil3i\" tabindex=\"0\" href=\"https:\/\/www.instagram.com\/explore\/tags\/escolaadultsamposta%F0%9F%93%9A%E2%9C%8F%EF%B8%8F\/\"># escolaadultsamposta\ud83d\udcda\u270f\ufe0f<\/a><a href=\"https:\/\/agora.xtec.cat\/cfasebastiajuanarbo\/wp-content\/uploads\/usu957\/2021\/02\/Elgustperlalectura.jpeg\"><img loading=\"lazy\" decoding=\"async\" class=\"aligncenter size-large wp-image-1502\" src=\"https:\/\/agora.xtec.cat\/cfasebastiajuanarbo\/wp-content\/uploads\/usu957\/2021\/02\/Elgustperlalectura-1024x1017.jpeg\" alt=\"\" width=\"1024\" height=\"1017\" srcset=\"https:\/\/agora.xtec.cat\/cfasebastiajuanarbo\/wp-content\/uploads\/usu957\/2021\/02\/Elgustperlalectura-1024x1017.jpeg 1024w, https:\/\/agora.xtec.cat\/cfasebastiajuanarbo\/wp-content\/uploads\/usu957\/2021\/02\/Elgustperlalectura-150x150.jpeg 150w, https:\/\/agora.xtec.cat\/cfasebastiajuanarbo\/wp-content\/uploads\/usu957\/2021\/02\/Elgustperlalectura-300x298.jpeg 300w, https:\/\/agora.xtec.cat\/cfasebastiajuanarbo\/wp-content\/uploads\/usu957\/2021\/02\/Elgustperlalectura-768x763.jpeg 768w, https:\/\/agora.xtec.cat\/cfasebastiajuanarbo\/wp-content\/uploads\/usu957\/2021\/02\/Elgustperlalectura.jpeg 1600w\" sizes=\"auto, (max-width: 1024px) 100vw, 1024px\" \/><\/a><\/p>\n","protected":false},"excerpt":{"rendered":"<p>L&#8217;alumnat de GESII del nostre centre participar\u00e0 en aquesta edici\u00f3 del concurs El gust per la lectura amb un treball, que podreu veure m\u00e9s avant en aquest web, sobre la novel.la La pell freda d&#8217;Albert S\u00e1nchez Pi\u00f1ol.<br \/>\nPodeu consultar les bases del concurs en aquest enlla\u00e7:&hellip;  <a href=\"https:\/\/agora.xtec.cat\/cfasebastiajuanarbo\/general\/el-gust-per-la-lectura\/\" title=\"Read El gust per la lectura\">Llegeix m\u00e9s\u00bb<\/a><\/p>\n","protected":false},"author":1,"featured_media":0,"comment_status":"open","ping_status":"closed","sticky":false,"template":"","format":"standard","meta":{"_bbp_topic_count":0,"_bbp_reply_count":0,"_bbp_total_topic_count":0,"_bbp_total_reply_count":0,"_bbp_voice_count":0,"_bbp_anonymous_reply_count":0,"_bbp_topic_count_hidden":0,"_bbp_reply_count_hidden":0,"_bbp_forum_subforum_count":0,"footnotes":""},"categories":[59,1,29,87],"tags":[],"class_list":["post-1501","post","type-post","status-publish","format-standard","hentry","category-centre","category-general","category-portada","category-selv"],"post_mailing_queue_ids":[],"_links":{"self":[{"href":"https:\/\/agora.xtec.cat\/cfasebastiajuanarbo\/wp-json\/wp\/v2\/posts\/1501","targetHints":{"allow":["GET"]}}],"collection":[{"href":"https:\/\/agora.xtec.cat\/cfasebastiajuanarbo\/wp-json\/wp\/v2\/posts"}],"about":[{"href":"https:\/\/agora.xtec.cat\/cfasebastiajuanarbo\/wp-json\/wp\/v2\/types\/post"}],"author":[{"embeddable":true,"href":"https:\/\/agora.xtec.cat\/cfasebastiajuanarbo\/wp-json\/wp\/v2\/users\/1"}],"replies":[{"embeddable":true,"href":"https:\/\/agora.xtec.cat\/cfasebastiajuanarbo\/wp-json\/wp\/v2\/comments?post=1501"}],"version-history":[{"count":2,"href":"https:\/\/agora.xtec.cat\/cfasebastiajuanarbo\/wp-json\/wp\/v2\/posts\/1501\/revisions"}],"predecessor-version":[{"id":1504,"href":"https:\/\/agora.xtec.cat\/cfasebastiajuanarbo\/wp-json\/wp\/v2\/posts\/1501\/revisions\/1504"}],"wp:attachment":[{"href":"https:\/\/agora.xtec.cat\/cfasebastiajuanarbo\/wp-json\/wp\/v2\/media?parent=1501"}],"wp:term":[{"taxonomy":"category","embeddable":true,"href":"https:\/\/agora.xtec.cat\/cfasebastiajuanarbo\/wp-json\/wp\/v2\/categories?post=1501"},{"taxonomy":"post_tag","embeddable":true,"href":"https:\/\/agora.xtec.cat\/cfasebastiajuanarbo\/wp-json\/wp\/v2\/tags?post=1501"}],"curies":[{"name":"wp","href":"https:\/\/api.w.org\/{rel}","templated":true}]}}