{"id":1166,"date":"2020-07-07T13:21:40","date_gmt":"2020-07-07T11:21:40","guid":{"rendered":"https:\/\/agora.xtec.cat\/cfasantjosep\/?p=1166"},"modified":"2020-07-15T11:30:14","modified_gmt":"2020-07-15T09:30:14","slug":"llistes-amb-el-barem-provisional-per-al-curs-2020-2021","status":"publish","type":"post","link":"https:\/\/agora.xtec.cat\/cfasantjosep\/general\/llistes-amb-el-barem-provisional-per-al-curs-2020-2021\/","title":{"rendered":"Llistes amb el barem definitiu per al curs 2020-2021"},"content":{"rendered":"<p>Tot l&#8217;alumnat preinscrit ha quedat adm\u00e8s. Feu <a href=\"https:\/\/agora.xtec.cat\/cfasantjosep\/wp-content\/uploads\/usu1944\/2020\/07\/llistes-amb-el-barem-definitiu_stjosep_curs20_21t.pdf\">clic<\/a> per consultar la llista<\/p>\n<p><a href=\"https:\/\/agora.xtec.cat\/cfasantjosep\/wp-content\/uploads\/usu1944\/2020\/07\/llistes-amb-el-barem-definitiu_stjosep_curs20_21t.pdf\"><img loading=\"lazy\" decoding=\"async\" class=\"aligncenter wp-image-1167 size-full\" src=\"https:\/\/agora.xtec.cat\/cfasantjosep\/wp-content\/uploads\/usu1944\/2020\/07\/Admesos.png\" alt=\"\" width=\"1000\" height=\"220\" srcset=\"https:\/\/agora.xtec.cat\/cfasantjosep\/wp-content\/uploads\/usu1944\/2020\/07\/Admesos.png 1000w, https:\/\/agora.xtec.cat\/cfasantjosep\/wp-content\/uploads\/usu1944\/2020\/07\/Admesos-300x66.png 300w, https:\/\/agora.xtec.cat\/cfasantjosep\/wp-content\/uploads\/usu1944\/2020\/07\/Admesos-768x169.png 768w\" sizes=\"auto, (max-width: 1000px) 100vw, 1000px\" \/><\/a><\/p>\n<p><strong>IMPORTANT<\/strong><\/p>\n<p>La <strong>preincripci\u00f3 no \u00e9s la matr\u00edcula<\/strong>, cal que tots els alumnes admesos facin la matr\u00edcula a l&#8217;escola del <strong>2 al 9 de setembre.\u00a0<\/strong><\/p>\n","protected":false},"excerpt":{"rendered":"<p>Tot l&#8217;alumnat preinscrit ha quedat adm\u00e8s. Feu <a href=\"https:\/\/agora.xtec.cat\/cfasantjosep\/wp-content\/uploads\/usu1944\/2020\/07\/llistes-amb-el-barem-definitiu_stjosep_curs20_21t.pdf\">clic<\/a> per consultar la llista<br \/>\n<a href=\"https:\/\/agora.xtec.cat\/cfasantjosep\/wp-content\/uploads\/usu1944\/2020\/07\/llistes-amb-el-barem-definitiu_stjosep_curs20_21t.pdf\"><\/a><br \/>\nIMPORTANT<br \/>\nLa preincripci\u00f3 no \u00e9s la matr\u00edcula, cal que tots els alumnes admesos facin la matr\u00edcula a l&#8217;escola del 2 al 9 de setembre.\u00a0<\/p>\n","protected":false},"author":1,"featured_media":1167,"comment_status":"open","ping_status":"closed","sticky":false,"template":"","format":"standard","meta":{"_bbp_topic_count":0,"_bbp_reply_count":0,"_bbp_total_topic_count":0,"_bbp_total_reply_count":0,"_bbp_voice_count":0,"_bbp_anonymous_reply_count":0,"_bbp_topic_count_hidden":0,"_bbp_reply_count_hidden":0,"_bbp_forum_subforum_count":0,"footnotes":""},"categories":[1,29],"tags":[147,83,85,81,91,93,80,84,90,98,109,87,86,82,120],"class_list":["post-1166","post","type-post","status-publish","format-standard","has-post-thumbnail","hentry","category-general","category-portada","tag-admesos","tag-adultes","tag-adultos","tag-adults","tag-catalunya","tag-cfasantjosep","tag-escola","tag-escuela","tag-generalitat","tag-ges","tag-geso","tag-hospitalet","tag-lhospitalet","tag-persones","tag-preinscripcio"],"post_mailing_queue_ids":[],"_links":{"self":[{"href":"https:\/\/agora.xtec.cat\/cfasantjosep\/wp-json\/wp\/v2\/posts\/1166","targetHints":{"allow":["GET"]}}],"collection":[{"href":"https:\/\/agora.xtec.cat\/cfasantjosep\/wp-json\/wp\/v2\/posts"}],"about":[{"href":"https:\/\/agora.xtec.cat\/cfasantjosep\/wp-json\/wp\/v2\/types\/post"}],"author":[{"embeddable":true,"href":"https:\/\/agora.xtec.cat\/cfasantjosep\/wp-json\/wp\/v2\/users\/1"}],"replies":[{"embeddable":true,"href":"https:\/\/agora.xtec.cat\/cfasantjosep\/wp-json\/wp\/v2\/comments?post=1166"}],"version-history":[{"count":3,"href":"https:\/\/agora.xtec.cat\/cfasantjosep\/wp-json\/wp\/v2\/posts\/1166\/revisions"}],"predecessor-version":[{"id":1199,"href":"https:\/\/agora.xtec.cat\/cfasantjosep\/wp-json\/wp\/v2\/posts\/1166\/revisions\/1199"}],"wp:featuredmedia":[{"embeddable":true,"href":"https:\/\/agora.xtec.cat\/cfasantjosep\/wp-json\/wp\/v2\/media\/1167"}],"wp:attachment":[{"href":"https:\/\/agora.xtec.cat\/cfasantjosep\/wp-json\/wp\/v2\/media?parent=1166"}],"wp:term":[{"taxonomy":"category","embeddable":true,"href":"https:\/\/agora.xtec.cat\/cfasantjosep\/wp-json\/wp\/v2\/categories?post=1166"},{"taxonomy":"post_tag","embeddable":true,"href":"https:\/\/agora.xtec.cat\/cfasantjosep\/wp-json\/wp\/v2\/tags?post=1166"}],"curies":[{"name":"wp","href":"https:\/\/api.w.org\/{rel}","templated":true}]}}