{"id":732,"date":"2018-06-12T13:05:45","date_gmt":"2018-06-12T11:05:45","guid":{"rendered":"http:\/\/agora.xtec.cat\/cfasantboi\/?p=732"},"modified":"2018-06-27T10:27:09","modified_gmt":"2018-06-27T08:27:09","slug":"entrevista-a-radio-sant-boi","status":"publish","type":"post","link":"https:\/\/agora.xtec.cat\/cfasantboi\/general\/entrevista-a-radio-sant-boi\/","title":{"rendered":"Entrevista a r\u00e0dio Sant Boi"},"content":{"rendered":"<p><iframe loading=\"lazy\" src=\"https:\/\/w.soundcloud.com\/player\/?url=https%3A\/\/api.soundcloud.com\/tracks\/457256904&amp;color=%23ff5500&amp;auto_play=true&amp;hide_related=false&amp;show_comments=true&amp;show_user=true&amp;show_reposts=false&amp;show_teaser=true\" width=\"100%\" height=\"166\" frameborder=\"no\" scrolling=\"no\"><\/iframe><br \/>\nEntrevista al programa &#8220;La Rep\u00fablica santboiana&#8221; de r\u00e0dio Sant Boi sobre la preinscripci\u00f3 al curs 2018\/2019<\/p>\n","protected":false},"excerpt":{"rendered":"<p>Entrevista al programa &#8220;La Rep\u00fablica santboiana&#8221; de r\u00e0dio Sant Boi sobre la preinscripci\u00f3 al curs 2018\/2019<\/p>\n","protected":false},"author":3,"featured_media":0,"comment_status":"open","ping_status":"closed","sticky":false,"template":"","format":"standard","meta":{"_bbp_topic_count":0,"_bbp_reply_count":0,"_bbp_total_topic_count":0,"_bbp_total_reply_count":0,"_bbp_voice_count":0,"_bbp_anonymous_reply_count":0,"_bbp_topic_count_hidden":0,"_bbp_reply_count_hidden":0,"_bbp_forum_subforum_count":0,"footnotes":""},"categories":[1],"tags":[],"class_list":["post-732","post","type-post","status-publish","format-standard","hentry","category-general"],"post_mailing_queue_ids":[],"_links":{"self":[{"href":"https:\/\/agora.xtec.cat\/cfasantboi\/wp-json\/wp\/v2\/posts\/732","targetHints":{"allow":["GET"]}}],"collection":[{"href":"https:\/\/agora.xtec.cat\/cfasantboi\/wp-json\/wp\/v2\/posts"}],"about":[{"href":"https:\/\/agora.xtec.cat\/cfasantboi\/wp-json\/wp\/v2\/types\/post"}],"author":[{"embeddable":true,"href":"https:\/\/agora.xtec.cat\/cfasantboi\/wp-json\/wp\/v2\/users\/3"}],"replies":[{"embeddable":true,"href":"https:\/\/agora.xtec.cat\/cfasantboi\/wp-json\/wp\/v2\/comments?post=732"}],"version-history":[{"count":4,"href":"https:\/\/agora.xtec.cat\/cfasantboi\/wp-json\/wp\/v2\/posts\/732\/revisions"}],"predecessor-version":[{"id":748,"href":"https:\/\/agora.xtec.cat\/cfasantboi\/wp-json\/wp\/v2\/posts\/732\/revisions\/748"}],"wp:attachment":[{"href":"https:\/\/agora.xtec.cat\/cfasantboi\/wp-json\/wp\/v2\/media?parent=732"}],"wp:term":[{"taxonomy":"category","embeddable":true,"href":"https:\/\/agora.xtec.cat\/cfasantboi\/wp-json\/wp\/v2\/categories?post=732"},{"taxonomy":"post_tag","embeddable":true,"href":"https:\/\/agora.xtec.cat\/cfasantboi\/wp-json\/wp\/v2\/tags?post=732"}],"curies":[{"name":"wp","href":"https:\/\/api.w.org\/{rel}","templated":true}]}}