{"id":2006,"date":"2022-11-02T09:52:28","date_gmt":"2022-11-02T08:52:28","guid":{"rendered":"https:\/\/agora.xtec.cat\/cfasantboi\/?p=2006"},"modified":"2022-11-15T16:36:08","modified_gmt":"2022-11-15T15:36:08","slug":"anem-al-cinema-anglessetmana-ciencia","status":"publish","type":"post","link":"https:\/\/agora.xtec.cat\/cfasantboi\/general\/anem-al-cinema-anglessetmana-ciencia\/","title":{"rendered":"Anem al cinema: Angl\u00e8s+Setmana ci\u00e8ncia"},"content":{"rendered":"<p>El proper divendres 11 de novembre anem als cinemes CAN CASTELLET dins del nostre programa de CINEMA EN ANGL\u00c8S. En aquesta vegada aprofitem tamb\u00e9 per a celebrar la setmana de la ci\u00e8ncia.<a href=\"https:\/\/agora.xtec.cat\/cfasantboi\/wp-content\/uploads\/usu255\/2022\/11\/313292267_5521545671244684_6313587369863879510_n.jpg\"><img loading=\"lazy\" decoding=\"async\" class=\"wp-image-2007 aligncenter\" src=\"https:\/\/agora.xtec.cat\/cfasantboi\/wp-content\/uploads\/usu255\/2022\/11\/313292267_5521545671244684_6313587369863879510_n-819x1024.jpg\" alt=\"\" width=\"335\" height=\"419\" srcset=\"https:\/\/agora.xtec.cat\/cfasantboi\/wp-content\/uploads\/usu255\/2022\/11\/313292267_5521545671244684_6313587369863879510_n-819x1024.jpg 819w, https:\/\/agora.xtec.cat\/cfasantboi\/wp-content\/uploads\/usu255\/2022\/11\/313292267_5521545671244684_6313587369863879510_n-240x300.jpg 240w, https:\/\/agora.xtec.cat\/cfasantboi\/wp-content\/uploads\/usu255\/2022\/11\/313292267_5521545671244684_6313587369863879510_n-768x960.jpg 768w, https:\/\/agora.xtec.cat\/cfasantboi\/wp-content\/uploads\/usu255\/2022\/11\/313292267_5521545671244684_6313587369863879510_n-1229x1536.jpg 1229w, https:\/\/agora.xtec.cat\/cfasantboi\/wp-content\/uploads\/usu255\/2022\/11\/313292267_5521545671244684_6313587369863879510_n.jpg 1440w\" sizes=\"auto, (max-width: 335px) 100vw, 335px\" \/><\/a><br \/>\nJoin us!<\/p>\n<p>&nbsp;<\/p>\n","protected":false},"excerpt":{"rendered":"<p>El proper divendres 11 de novembre anem als cinemes CAN CASTELLET dins del nostre programa de CINEMA EN ANGL\u00c8S. En aquesta vegada aprofitem tamb\u00e9 per a celebrar la setmana de la ci\u00e8ncia.<a href=\"https:\/\/agora.xtec.cat\/cfasantboi\/wp-content\/uploads\/usu255\/2022\/11\/313292267_5521545671244684_6313587369863879510_n.jpg\"><\/a><br \/>\nJoin us!<br \/>\n&nbsp;<\/p>\n","protected":false},"author":1,"featured_media":0,"comment_status":"closed","ping_status":"closed","sticky":false,"template":"","format":"standard","meta":{"_bbp_topic_count":0,"_bbp_reply_count":0,"_bbp_total_topic_count":0,"_bbp_total_reply_count":0,"_bbp_voice_count":0,"_bbp_anonymous_reply_count":0,"_bbp_topic_count_hidden":0,"_bbp_reply_count_hidden":0,"_bbp_forum_subforum_count":0,"footnotes":""},"categories":[1],"tags":[],"class_list":["post-2006","post","type-post","status-publish","format-standard","hentry","category-general"],"post_mailing_queue_ids":[],"_links":{"self":[{"href":"https:\/\/agora.xtec.cat\/cfasantboi\/wp-json\/wp\/v2\/posts\/2006","targetHints":{"allow":["GET"]}}],"collection":[{"href":"https:\/\/agora.xtec.cat\/cfasantboi\/wp-json\/wp\/v2\/posts"}],"about":[{"href":"https:\/\/agora.xtec.cat\/cfasantboi\/wp-json\/wp\/v2\/types\/post"}],"author":[{"embeddable":true,"href":"https:\/\/agora.xtec.cat\/cfasantboi\/wp-json\/wp\/v2\/users\/1"}],"replies":[{"embeddable":true,"href":"https:\/\/agora.xtec.cat\/cfasantboi\/wp-json\/wp\/v2\/comments?post=2006"}],"version-history":[{"count":2,"href":"https:\/\/agora.xtec.cat\/cfasantboi\/wp-json\/wp\/v2\/posts\/2006\/revisions"}],"predecessor-version":[{"id":2009,"href":"https:\/\/agora.xtec.cat\/cfasantboi\/wp-json\/wp\/v2\/posts\/2006\/revisions\/2009"}],"wp:attachment":[{"href":"https:\/\/agora.xtec.cat\/cfasantboi\/wp-json\/wp\/v2\/media?parent=2006"}],"wp:term":[{"taxonomy":"category","embeddable":true,"href":"https:\/\/agora.xtec.cat\/cfasantboi\/wp-json\/wp\/v2\/categories?post=2006"},{"taxonomy":"post_tag","embeddable":true,"href":"https:\/\/agora.xtec.cat\/cfasantboi\/wp-json\/wp\/v2\/tags?post=2006"}],"curies":[{"name":"wp","href":"https:\/\/api.w.org\/{rel}","templated":true}]}}