{"id":1614,"date":"2022-04-04T15:35:08","date_gmt":"2022-04-04T13:35:08","guid":{"rendered":"https:\/\/agora.xtec.cat\/cfasantboi\/?p=1614"},"modified":"2022-04-19T19:27:24","modified_gmt":"2022-04-19T17:27:24","slug":"i-jornada-dorientacio-gpesant-boi","status":"publish","type":"post","link":"https:\/\/agora.xtec.cat\/cfasantboi\/general\/i-jornada-dorientacio-gpesant-boi\/","title":{"rendered":"I JORNADA D&#8217;ORIENTACI\u00d3 GPeSant Boi"},"content":{"rendered":"<p>Durant els<a href=\"https:\/\/agora.xtec.cat\/cfasantboi\/wp-content\/uploads\/usu255\/2022\/04\/jornades.jpg\"><img loading=\"lazy\" decoding=\"async\" class=\"wp-image-1616 alignleft\" src=\"https:\/\/agora.xtec.cat\/cfasantboi\/wp-content\/uploads\/usu255\/2022\/04\/jornades.jpg\" alt=\"\" width=\"236\" height=\"330\" srcset=\"https:\/\/agora.xtec.cat\/cfasantboi\/wp-content\/uploads\/usu255\/2022\/04\/jornades.jpg 404w, https:\/\/agora.xtec.cat\/cfasantboi\/wp-content\/uploads\/usu255\/2022\/04\/jornades-215x300.jpg 215w\" sizes=\"auto, (max-width: 236px) 100vw, 236px\" \/><\/a> dies 5 i 6 d&#8217;Abril es dur\u00e0 a terme la I Jornada sobre Orientaci\u00f3 organitzada per l&#8217;Ajuntament de Sant Boi i en la que el nostre centre col\u00b7labora activament.<\/p>\n<p>El dia 5 a la tarda es fa la presentaci\u00f3 de la jornada a c\u00e0rrec de l&#8217;Alcaldessa de Sant Boi i altres autoritats.<\/p>\n<p>El dia 6 es fan xerrades informatives sobre orientaci\u00f3 acad\u00e8mica i professional. Tamb\u00e9 tindrem un expositor al carrer per a informar de la nostra oferta educativa.<\/p>\n<p>Part del nostre alumnat participar\u00e0 en una xerrada informativa sota el t\u00edtol &#8220;Estudies i\/o treballes!!&#8221; a les 17.30 a la sala d&#8217;estudis de l&#8217;edifici l&#8217;Olivera.<a href=\"https:\/\/agora.xtec.cat\/cfasantboi\/wp-content\/uploads\/usu255\/2022\/04\/jornades-galeria.jpg\"><img loading=\"lazy\" decoding=\"async\" class=\"alignnone size-large wp-image-1631\" src=\"https:\/\/agora.xtec.cat\/cfasantboi\/wp-content\/uploads\/usu255\/2022\/04\/jornades-galeria-1024x576.jpg\" alt=\"\" width=\"1024\" height=\"576\" srcset=\"https:\/\/agora.xtec.cat\/cfasantboi\/wp-content\/uploads\/usu255\/2022\/04\/jornades-galeria-1024x576.jpg 1024w, https:\/\/agora.xtec.cat\/cfasantboi\/wp-content\/uploads\/usu255\/2022\/04\/jornades-galeria-300x169.jpg 300w, https:\/\/agora.xtec.cat\/cfasantboi\/wp-content\/uploads\/usu255\/2022\/04\/jornades-galeria-768x432.jpg 768w, https:\/\/agora.xtec.cat\/cfasantboi\/wp-content\/uploads\/usu255\/2022\/04\/jornades-galeria-1536x864.jpg 1536w, https:\/\/agora.xtec.cat\/cfasantboi\/wp-content\/uploads\/usu255\/2022\/04\/jornades-galeria.jpg 1920w\" sizes=\"auto, (max-width: 1024px) 100vw, 1024px\" \/><\/a><\/p>\n","protected":false},"excerpt":{"rendered":"<p>Durant els<a href=\"https:\/\/agora.xtec.cat\/cfasantboi\/wp-content\/uploads\/usu255\/2022\/04\/jornades.jpg\"><\/a> dies 5 i 6 d&#8217;Abril es dur\u00e0 a terme la I Jornada sobre Orientaci\u00f3 organitzada per l&#8217;Ajuntament de Sant Boi i en la que el nostre centre col\u00b7labora activament.<br \/>\nEl dia 5 a la tarda es fa la presentaci\u00f3 de la jornada a&hellip;  <a href=\"https:\/\/agora.xtec.cat\/cfasantboi\/general\/i-jornada-dorientacio-gpesant-boi\/\" title=\"Read I JORNADA D&#8217;ORIENTACI\u00d3 GPeSant Boi\">Llegeix m\u00e9s\u00bb<\/a><\/p>\n","protected":false},"author":1,"featured_media":1616,"comment_status":"closed","ping_status":"closed","sticky":false,"template":"","format":"standard","meta":{"_bbp_topic_count":0,"_bbp_reply_count":0,"_bbp_total_topic_count":0,"_bbp_total_reply_count":0,"_bbp_voice_count":0,"_bbp_anonymous_reply_count":0,"_bbp_topic_count_hidden":0,"_bbp_reply_count_hidden":0,"_bbp_forum_subforum_count":0,"footnotes":""},"categories":[1],"tags":[],"class_list":["post-1614","post","type-post","status-publish","format-standard","has-post-thumbnail","hentry","category-general"],"post_mailing_queue_ids":[],"_links":{"self":[{"href":"https:\/\/agora.xtec.cat\/cfasantboi\/wp-json\/wp\/v2\/posts\/1614","targetHints":{"allow":["GET"]}}],"collection":[{"href":"https:\/\/agora.xtec.cat\/cfasantboi\/wp-json\/wp\/v2\/posts"}],"about":[{"href":"https:\/\/agora.xtec.cat\/cfasantboi\/wp-json\/wp\/v2\/types\/post"}],"author":[{"embeddable":true,"href":"https:\/\/agora.xtec.cat\/cfasantboi\/wp-json\/wp\/v2\/users\/1"}],"replies":[{"embeddable":true,"href":"https:\/\/agora.xtec.cat\/cfasantboi\/wp-json\/wp\/v2\/comments?post=1614"}],"version-history":[{"count":3,"href":"https:\/\/agora.xtec.cat\/cfasantboi\/wp-json\/wp\/v2\/posts\/1614\/revisions"}],"predecessor-version":[{"id":1633,"href":"https:\/\/agora.xtec.cat\/cfasantboi\/wp-json\/wp\/v2\/posts\/1614\/revisions\/1633"}],"wp:featuredmedia":[{"embeddable":true,"href":"https:\/\/agora.xtec.cat\/cfasantboi\/wp-json\/wp\/v2\/media\/1616"}],"wp:attachment":[{"href":"https:\/\/agora.xtec.cat\/cfasantboi\/wp-json\/wp\/v2\/media?parent=1614"}],"wp:term":[{"taxonomy":"category","embeddable":true,"href":"https:\/\/agora.xtec.cat\/cfasantboi\/wp-json\/wp\/v2\/categories?post=1614"},{"taxonomy":"post_tag","embeddable":true,"href":"https:\/\/agora.xtec.cat\/cfasantboi\/wp-json\/wp\/v2\/tags?post=1614"}],"curies":[{"name":"wp","href":"https:\/\/api.w.org\/{rel}","templated":true}]}}