{"id":1601,"date":"2022-03-07T19:51:09","date_gmt":"2022-03-07T18:51:09","guid":{"rendered":"https:\/\/agora.xtec.cat\/cfasantboi\/?p=1601"},"modified":"2022-03-11T12:28:40","modified_gmt":"2022-03-11T11:28:40","slug":"8-marc-dia-de-la-dona-cfa-sant-boi","status":"publish","type":"post","link":"https:\/\/agora.xtec.cat\/cfasantboi\/general\/8-marc-dia-de-la-dona-cfa-sant-boi\/","title":{"rendered":"8 MAR\u00c7 DIA DE LA DONA CFA SANT BOI"},"content":{"rendered":"<p><span class=\"css-901oao css-16my406 r-poiln3 r-bcqeeo r-qvutc0\">Per tal de commemorar aquest dia, part del nostre l&#8217;alumnat realitzar\u00e0 una redacci\u00f3 sobre &#8220;La meva dona referent&#8221; (mare, germana, parella, amiga&#8230;o un personatge p\u00fablic) .<\/span><\/p>\n<p><span class=\"css-901oao css-16my406 r-poiln3 r-bcqeeo r-qvutc0\" style=\"font-family: inherit; font-size: 1em;\">Un cop feta, far\u00e0 un resum d&#8217;unes 2 l\u00ednies i el publicar\u00e0 a les seves xarxes socials amb aquests dos hashtags: <\/span><span class=\"r-18u37iz\" style=\"font-family: inherit; font-size: 1em; color: #0000ff;\">#diadeladona<\/span><span style=\"font-family: inherit; font-size: 1em;\"> \u00a0\u00a0 \u00a0\u00a0<\/span><span class=\"r-18u37iz\" style=\"font-family: inherit; font-size: 1em; color: #0000ff;\">#cfasantboi<\/span><\/p>\n<h4><strong>Animem\u00a0 tamb\u00e9 a l\u2019alumnat que no fa l\u2019activitat, aix\u00ed com a QUALSEVOL PERSONA que no formi part del nostre alumnat<\/strong>, a escriure unes l\u00ednies sobre la seva dona referent! Publiqueu-les\u00a0 a les vostres xarxes amb els hashtags:\u00a0 <span style=\"color: #0000ff;\">#diadeladona<\/span>\u00a0 \u00a0<span style=\"color: #0000ff;\">#cfasantboi<\/span><br \/>\nParticipeu-hi!\ud83d\ude09\ud83d\udcaa<\/h4>\n<p><img loading=\"lazy\" decoding=\"async\" class=\"aligncenter\" src=\"https:\/\/pbs.twimg.com\/media\/FNQDTHEXwAIphVp?format=jpg&amp;name=large\" alt=\"Imagen\" width=\"391\" height=\"220\" \/><\/p>\n","protected":false},"excerpt":{"rendered":"<p>Per tal de commemorar aquest dia, part del nostre l&#8217;alumnat realitzar\u00e0 una redacci\u00f3 sobre &#8220;La meva dona referent&#8221; (mare, germana, parella, amiga&#8230;o un personatge p\u00fablic) .<br \/>\nUn cop feta, far\u00e0 un resum d&#8217;unes 2 l\u00ednies i el publicar\u00e0 a les seves xarxes socials amb aquests dos&hellip;  <a href=\"https:\/\/agora.xtec.cat\/cfasantboi\/general\/8-marc-dia-de-la-dona-cfa-sant-boi\/\" title=\"Read 8 MAR\u00c7 DIA DE LA DONA CFA SANT BOI\">Llegeix m\u00e9s\u00bb<\/a><\/p>\n","protected":false},"author":1,"featured_media":0,"comment_status":"open","ping_status":"closed","sticky":false,"template":"","format":"standard","meta":{"_bbp_topic_count":0,"_bbp_reply_count":0,"_bbp_total_topic_count":0,"_bbp_total_reply_count":0,"_bbp_voice_count":0,"_bbp_anonymous_reply_count":0,"_bbp_topic_count_hidden":0,"_bbp_reply_count_hidden":0,"_bbp_forum_subforum_count":0,"footnotes":""},"categories":[1],"tags":[],"class_list":["post-1601","post","type-post","status-publish","format-standard","hentry","category-general"],"post_mailing_queue_ids":[],"_links":{"self":[{"href":"https:\/\/agora.xtec.cat\/cfasantboi\/wp-json\/wp\/v2\/posts\/1601","targetHints":{"allow":["GET"]}}],"collection":[{"href":"https:\/\/agora.xtec.cat\/cfasantboi\/wp-json\/wp\/v2\/posts"}],"about":[{"href":"https:\/\/agora.xtec.cat\/cfasantboi\/wp-json\/wp\/v2\/types\/post"}],"author":[{"embeddable":true,"href":"https:\/\/agora.xtec.cat\/cfasantboi\/wp-json\/wp\/v2\/users\/1"}],"replies":[{"embeddable":true,"href":"https:\/\/agora.xtec.cat\/cfasantboi\/wp-json\/wp\/v2\/comments?post=1601"}],"version-history":[{"count":3,"href":"https:\/\/agora.xtec.cat\/cfasantboi\/wp-json\/wp\/v2\/posts\/1601\/revisions"}],"predecessor-version":[{"id":1606,"href":"https:\/\/agora.xtec.cat\/cfasantboi\/wp-json\/wp\/v2\/posts\/1601\/revisions\/1606"}],"wp:attachment":[{"href":"https:\/\/agora.xtec.cat\/cfasantboi\/wp-json\/wp\/v2\/media?parent=1601"}],"wp:term":[{"taxonomy":"category","embeddable":true,"href":"https:\/\/agora.xtec.cat\/cfasantboi\/wp-json\/wp\/v2\/categories?post=1601"},{"taxonomy":"post_tag","embeddable":true,"href":"https:\/\/agora.xtec.cat\/cfasantboi\/wp-json\/wp\/v2\/tags?post=1601"}],"curies":[{"name":"wp","href":"https:\/\/api.w.org\/{rel}","templated":true}]}}