{"id":1437,"date":"2021-03-15T17:01:57","date_gmt":"2021-03-15T16:01:57","guid":{"rendered":"https:\/\/agora.xtec.cat\/cfasantboi\/?p=1437"},"modified":"2022-03-28T00:40:15","modified_gmt":"2022-03-27T22:40:15","slug":"hem-participat-al-programa-dies-de-radio-de-radio-sant-boi","status":"publish","type":"post","link":"https:\/\/agora.xtec.cat\/cfasantboi\/general\/hem-participat-al-programa-dies-de-radio-de-radio-sant-boi\/","title":{"rendered":"HEM PARTICIPAT AL PROGRAMA DIES DE R\u00c0DIO, DE R\u00c0DIO SANT BOI"},"content":{"rendered":"<p>Avui hem estat convidats al programa &#8220;dies de r\u00e0dio&#8221; . Han participat 3 ex-alumnes i un alumne, a m\u00e9s d&#8217;una professora i el director del centre. Donem les gr\u00e0cies a R\u00e0dio Sant Boi per donar-nos la oportunitat de participar.<\/p>\n<p>Aqu\u00ed podeu sentir tota la entrevista:<\/p>\n<p style=\"text-align: center;\"><iframe loading=\"lazy\" src=\"\/\/www.youtube.com\/embed\/jPNVIM4yzWw\" width=\"300\" height=\"168\"><\/iframe><\/p>\n<p><a href=\"https:\/\/agora.xtec.cat\/cfasantboi\/wp-content\/uploads\/usu255\/2021\/03\/WhatsApp-Image-2021-03-18-at-14.34.25-1.jpeg\"><img loading=\"lazy\" decoding=\"async\" class=\"wp-image-1440 aligncenter\" src=\"https:\/\/agora.xtec.cat\/cfasantboi\/wp-content\/uploads\/usu255\/2021\/03\/WhatsApp-Image-2021-03-18-at-14.34.25-1.jpeg\" alt=\"\" width=\"123\" height=\"219\" srcset=\"https:\/\/agora.xtec.cat\/cfasantboi\/wp-content\/uploads\/usu255\/2021\/03\/WhatsApp-Image-2021-03-18-at-14.34.25-1.jpeg 900w, https:\/\/agora.xtec.cat\/cfasantboi\/wp-content\/uploads\/usu255\/2021\/03\/WhatsApp-Image-2021-03-18-at-14.34.25-1-169x300.jpeg 169w, https:\/\/agora.xtec.cat\/cfasantboi\/wp-content\/uploads\/usu255\/2021\/03\/WhatsApp-Image-2021-03-18-at-14.34.25-1-768x1365.jpeg 768w, https:\/\/agora.xtec.cat\/cfasantboi\/wp-content\/uploads\/usu255\/2021\/03\/WhatsApp-Image-2021-03-18-at-14.34.25-1-576x1024.jpeg 576w\" sizes=\"auto, (max-width: 123px) 100vw, 123px\" \/><\/a> <a href=\"https:\/\/agora.xtec.cat\/cfasantboi\/wp-content\/uploads\/usu255\/2021\/03\/WhatsApp-Image-2021-03-18-at-14.34.25.jpeg\"><img loading=\"lazy\" decoding=\"async\" class=\"wp-image-1441 aligncenter\" src=\"https:\/\/agora.xtec.cat\/cfasantboi\/wp-content\/uploads\/usu255\/2021\/03\/WhatsApp-Image-2021-03-18-at-14.34.25.jpeg\" alt=\"\" width=\"122\" height=\"217\" srcset=\"https:\/\/agora.xtec.cat\/cfasantboi\/wp-content\/uploads\/usu255\/2021\/03\/WhatsApp-Image-2021-03-18-at-14.34.25.jpeg 900w, https:\/\/agora.xtec.cat\/cfasantboi\/wp-content\/uploads\/usu255\/2021\/03\/WhatsApp-Image-2021-03-18-at-14.34.25-169x300.jpeg 169w, https:\/\/agora.xtec.cat\/cfasantboi\/wp-content\/uploads\/usu255\/2021\/03\/WhatsApp-Image-2021-03-18-at-14.34.25-768x1365.jpeg 768w, https:\/\/agora.xtec.cat\/cfasantboi\/wp-content\/uploads\/usu255\/2021\/03\/WhatsApp-Image-2021-03-18-at-14.34.25-576x1024.jpeg 576w\" sizes=\"auto, (max-width: 122px) 100vw, 122px\" \/><\/a><\/p>\n","protected":false},"excerpt":{"rendered":"<p>Avui hem estat convidats al programa &#8220;dies de r\u00e0dio&#8221; . Han participat 3 ex-alumnes i un alumne, a m\u00e9s d&#8217;una professora i el director del centre. Donem les gr\u00e0cies a R\u00e0dio Sant Boi per donar-nos la oportunitat de participar.<br \/>\nAqu\u00ed podeu sentir tota la entrevista:<\/p>\n<p><a href=\"https:\/\/agora.xtec.cat\/cfasantboi\/wp-content\/uploads\/usu255\/2021\/03\/WhatsApp-Image-2021-03-18-at-14.34.25-1.jpeg\"><\/a>&hellip;  <a href=\"https:\/\/agora.xtec.cat\/cfasantboi\/general\/hem-participat-al-programa-dies-de-radio-de-radio-sant-boi\/\" title=\"Read HEM PARTICIPAT AL PROGRAMA DIES DE R\u00c0DIO, DE R\u00c0DIO SANT BOI\">Llegeix m\u00e9s\u00bb<\/a><\/p>\n","protected":false},"author":1,"featured_media":1439,"comment_status":"closed","ping_status":"closed","sticky":false,"template":"","format":"standard","meta":{"_bbp_topic_count":0,"_bbp_reply_count":0,"_bbp_total_topic_count":0,"_bbp_total_reply_count":0,"_bbp_voice_count":0,"_bbp_anonymous_reply_count":0,"_bbp_topic_count_hidden":0,"_bbp_reply_count_hidden":0,"_bbp_forum_subforum_count":0,"footnotes":""},"categories":[1],"tags":[],"class_list":["post-1437","post","type-post","status-publish","format-standard","has-post-thumbnail","hentry","category-general"],"post_mailing_queue_ids":[],"_links":{"self":[{"href":"https:\/\/agora.xtec.cat\/cfasantboi\/wp-json\/wp\/v2\/posts\/1437","targetHints":{"allow":["GET"]}}],"collection":[{"href":"https:\/\/agora.xtec.cat\/cfasantboi\/wp-json\/wp\/v2\/posts"}],"about":[{"href":"https:\/\/agora.xtec.cat\/cfasantboi\/wp-json\/wp\/v2\/types\/post"}],"author":[{"embeddable":true,"href":"https:\/\/agora.xtec.cat\/cfasantboi\/wp-json\/wp\/v2\/users\/1"}],"replies":[{"embeddable":true,"href":"https:\/\/agora.xtec.cat\/cfasantboi\/wp-json\/wp\/v2\/comments?post=1437"}],"version-history":[{"count":3,"href":"https:\/\/agora.xtec.cat\/cfasantboi\/wp-json\/wp\/v2\/posts\/1437\/revisions"}],"predecessor-version":[{"id":1444,"href":"https:\/\/agora.xtec.cat\/cfasantboi\/wp-json\/wp\/v2\/posts\/1437\/revisions\/1444"}],"wp:featuredmedia":[{"embeddable":true,"href":"https:\/\/agora.xtec.cat\/cfasantboi\/wp-json\/wp\/v2\/media\/1439"}],"wp:attachment":[{"href":"https:\/\/agora.xtec.cat\/cfasantboi\/wp-json\/wp\/v2\/media?parent=1437"}],"wp:term":[{"taxonomy":"category","embeddable":true,"href":"https:\/\/agora.xtec.cat\/cfasantboi\/wp-json\/wp\/v2\/categories?post=1437"},{"taxonomy":"post_tag","embeddable":true,"href":"https:\/\/agora.xtec.cat\/cfasantboi\/wp-json\/wp\/v2\/tags?post=1437"}],"curies":[{"name":"wp","href":"https:\/\/api.w.org\/{rel}","templated":true}]}}