{"id":996,"date":"2018-11-07T14:39:42","date_gmt":"2018-11-07T13:39:42","guid":{"rendered":"http:\/\/agora.xtec.cat\/cfasalvadordali\/?p=996"},"modified":"2018-11-07T14:39:42","modified_gmt":"2018-11-07T13:39:42","slug":"noves-produccions-musicals","status":"publish","type":"post","link":"https:\/\/agora.xtec.cat\/cfasalvadordali\/general\/noves-produccions-musicals\/","title":{"rendered":"NOVES PRODUCCIONS MUSICALS"},"content":{"rendered":"<p>NOVES PRODUCCIONS MUSICALS!<\/p>\n<p>Un cop m\u00e9s els nostres alumnes demostren l&#8217;art i la facilitat que tenen a l&#8217;hora de fer m\u00fasica. En aquest cas podeu escoltar els 3 hits que segur que arribaran a ser la can\u00e7\u00f3 de l&#8217;estiu!<\/p>\n<p>Juan Carlos i Joaquin amb les guitarres.<\/p>\n<p>Juan i Molina posant la veu.<\/p>\n<p>Alejandro amb el calaix.<\/p>\n<p>Rafa, Lluis i Isra post-producci\u00f3.<\/p>\n<!--[if lt IE 9]><script>document.createElement('audio');<\/script><![endif]-->\n<audio class=\"wp-audio-shortcode\" id=\"audio-996-1\" preload=\"none\" style=\"width: 100%;\" controls=\"controls\"><source type=\"audio\/mpeg\" src=\"https:\/\/agora.xtec.cat\/cfasalvadordali\/wp-content\/uploads\/usu363\/2014\/09\/COMO-ME-DUELE-PRIMA.mp3?_=1\" \/><a href=\"https:\/\/agora.xtec.cat\/cfasalvadordali\/wp-content\/uploads\/usu363\/2014\/09\/COMO-ME-DUELE-PRIMA.mp3\">https:\/\/agora.xtec.cat\/cfasalvadordali\/wp-content\/uploads\/usu363\/2014\/09\/COMO-ME-DUELE-PRIMA.mp3<\/a><\/audio>\n<audio class=\"wp-audio-shortcode\" id=\"audio-996-2\" preload=\"none\" style=\"width: 100%;\" controls=\"controls\"><source type=\"audio\/mpeg\" src=\"https:\/\/agora.xtec.cat\/cfasalvadordali\/wp-content\/uploads\/usu363\/2014\/09\/PEDACITOS-DE-TI.mp3?_=2\" \/><a href=\"https:\/\/agora.xtec.cat\/cfasalvadordali\/wp-content\/uploads\/usu363\/2014\/09\/PEDACITOS-DE-TI.mp3\">https:\/\/agora.xtec.cat\/cfasalvadordali\/wp-content\/uploads\/usu363\/2014\/09\/PEDACITOS-DE-TI.mp3<\/a><\/audio>\n<audio class=\"wp-audio-shortcode\" id=\"audio-996-3\" preload=\"none\" style=\"width: 100%;\" controls=\"controls\"><source type=\"audio\/mpeg\" src=\"https:\/\/agora.xtec.cat\/cfasalvadordali\/wp-content\/uploads\/usu363\/2014\/09\/AY-DE-TI-SI-LLEVO-LA-RAZ\u00d3N.mp3?_=3\" \/><a href=\"https:\/\/agora.xtec.cat\/cfasalvadordali\/wp-content\/uploads\/usu363\/2014\/09\/AY-DE-TI-SI-LLEVO-LA-RAZ\u00d3N.mp3\">https:\/\/agora.xtec.cat\/cfasalvadordali\/wp-content\/uploads\/usu363\/2014\/09\/AY-DE-TI-SI-LLEVO-LA-RAZ\u00d3N.mp3<\/a><\/audio>\n","protected":false},"excerpt":{"rendered":"<p>NOVES PRODUCCIONS MUSICALS!<br \/>\nUn cop m\u00e9s els nostres alumnes demostren l&#8217;art i la facilitat que tenen a l&#8217;hora de fer m\u00fasica. En aquest cas podeu escoltar els 3 hits que segur que arribaran a ser la can\u00e7\u00f3 de l&#8217;estiu!<br \/>\nJuan Carlos i Joaquin amb les guitarres.<br \/>\nJuan i&hellip;  <a href=\"https:\/\/agora.xtec.cat\/cfasalvadordali\/general\/noves-produccions-musicals\/\" title=\"Read NOVES PRODUCCIONS MUSICALS\">Llegeix m\u00e9s\u00bb<\/a><\/p>\n","protected":false},"author":1,"featured_media":997,"comment_status":"open","ping_status":"closed","sticky":false,"template":"","format":"standard","meta":{"_bbp_topic_count":0,"_bbp_reply_count":0,"_bbp_total_topic_count":0,"_bbp_total_reply_count":0,"_bbp_voice_count":0,"_bbp_anonymous_reply_count":0,"_bbp_topic_count_hidden":0,"_bbp_reply_count_hidden":0,"_bbp_forum_subforum_count":0,"footnotes":""},"categories":[96,1,29],"tags":[],"class_list":["post-996","post","type-post","status-publish","format-standard","has-post-thumbnail","hentry","category-activitats-culturals","category-general","category-portada"],"post_mailing_queue_ids":[],"_links":{"self":[{"href":"https:\/\/agora.xtec.cat\/cfasalvadordali\/wp-json\/wp\/v2\/posts\/996","targetHints":{"allow":["GET"]}}],"collection":[{"href":"https:\/\/agora.xtec.cat\/cfasalvadordali\/wp-json\/wp\/v2\/posts"}],"about":[{"href":"https:\/\/agora.xtec.cat\/cfasalvadordali\/wp-json\/wp\/v2\/types\/post"}],"author":[{"embeddable":true,"href":"https:\/\/agora.xtec.cat\/cfasalvadordali\/wp-json\/wp\/v2\/users\/1"}],"replies":[{"embeddable":true,"href":"https:\/\/agora.xtec.cat\/cfasalvadordali\/wp-json\/wp\/v2\/comments?post=996"}],"version-history":[{"count":1,"href":"https:\/\/agora.xtec.cat\/cfasalvadordali\/wp-json\/wp\/v2\/posts\/996\/revisions"}],"predecessor-version":[{"id":998,"href":"https:\/\/agora.xtec.cat\/cfasalvadordali\/wp-json\/wp\/v2\/posts\/996\/revisions\/998"}],"wp:featuredmedia":[{"embeddable":true,"href":"https:\/\/agora.xtec.cat\/cfasalvadordali\/wp-json\/wp\/v2\/media\/997"}],"wp:attachment":[{"href":"https:\/\/agora.xtec.cat\/cfasalvadordali\/wp-json\/wp\/v2\/media?parent=996"}],"wp:term":[{"taxonomy":"category","embeddable":true,"href":"https:\/\/agora.xtec.cat\/cfasalvadordali\/wp-json\/wp\/v2\/categories?post=996"},{"taxonomy":"post_tag","embeddable":true,"href":"https:\/\/agora.xtec.cat\/cfasalvadordali\/wp-json\/wp\/v2\/tags?post=996"}],"curies":[{"name":"wp","href":"https:\/\/api.w.org\/{rel}","templated":true}]}}