{"id":976,"date":"2018-06-28T20:02:26","date_gmt":"2018-06-28T18:02:26","guid":{"rendered":"http:\/\/agora.xtec.cat\/cfasalvadordali\/?p=976"},"modified":"2018-06-28T20:17:55","modified_gmt":"2018-06-28T18:17:55","slug":"les-capsules-de-coneixement-que-es-aixo","status":"publish","type":"post","link":"https:\/\/agora.xtec.cat\/cfasalvadordali\/general\/les-capsules-de-coneixement-que-es-aixo\/","title":{"rendered":"LES C\u00c0PSULES DE CONEIXEMENT&#8230; QU\u00c8 \u00c9S AIX\u00d2?"},"content":{"rendered":"<p><a href=\"http:\/\/agora.xtec.cat\/cfasalvadordali\/wp-content\/uploads\/usu363\/2018\/06\/27.jpg\"><img loading=\"lazy\" decoding=\"async\" class=\"alignnone wp-image-979 alignleft\" src=\"http:\/\/agora.xtec.cat\/cfasalvadordali\/wp-content\/uploads\/usu363\/2018\/06\/27-674x1024.jpg\" alt=\"\" width=\"184\" height=\"279\" srcset=\"https:\/\/agora.xtec.cat\/cfasalvadordali\/wp-content\/uploads\/usu363\/2018\/06\/27-674x1024.jpg 674w, https:\/\/agora.xtec.cat\/cfasalvadordali\/wp-content\/uploads\/usu363\/2018\/06\/27-198x300.jpg 198w, https:\/\/agora.xtec.cat\/cfasalvadordali\/wp-content\/uploads\/usu363\/2018\/06\/27.jpg 767w\" sizes=\"auto, (max-width: 184px) 100vw, 184px\" \/><\/a><a href=\"http:\/\/agora.xtec.cat\/cfasalvadordali\/wp-content\/uploads\/usu363\/2018\/06\/Luter.png\"><img loading=\"lazy\" decoding=\"async\" class=\"wp-image-978 alignright\" src=\"http:\/\/agora.xtec.cat\/cfasalvadordali\/wp-content\/uploads\/usu363\/2018\/06\/Luter-643x1024.png\" alt=\"\" width=\"146\" height=\"232\" srcset=\"https:\/\/agora.xtec.cat\/cfasalvadordali\/wp-content\/uploads\/usu363\/2018\/06\/Luter-643x1024.png 643w, https:\/\/agora.xtec.cat\/cfasalvadordali\/wp-content\/uploads\/usu363\/2018\/06\/Luter-189x300.png 189w, https:\/\/agora.xtec.cat\/cfasalvadordali\/wp-content\/uploads\/usu363\/2018\/06\/Luter-768x1222.png 768w, https:\/\/agora.xtec.cat\/cfasalvadordali\/wp-content\/uploads\/usu363\/2018\/06\/Luter.png 788w\" sizes=\"auto, (max-width: 146px) 100vw, 146px\" \/><\/a>En aquest curs 2017-18, l&#8217;aula de Catal\u00e0 3 ha &#8220;inventat&#8221; un esl\u00f2gan anomenat <strong>&#8220;C\u00c0PSULES DE CONEIXEMENT&#8221;<\/strong>. La finalitat ha estat motivar alumnes curiosos, amb desig de contrastar i de saber coses&#8230; i que estan d&#8217;acord en treballar la llengua com a medi per arribar al coneixement. Aquestes c\u00e0psules ofereixen, al gust del possible consumidor, una condensaci\u00f3 d&#8217;un tema concret emprant la llengua catalana oral i escrita com a mitj\u00e0&#8230; Dignes fills de Maquiavel, ja sabeu, &#8220;l<em>a finalitat justifica els mitjans&#8221;<\/em>.<\/p>\n<p>Aix\u00ed, al llarg del curs hem constru\u00eft tres p\u00edndoles: la primera va ser comprendre de qu\u00e8 va anar la <strong>Revoluci\u00f3 Russa<\/strong> -commemorant els seus 100 anys-, la segona, qu\u00e8 \u00e9s aix\u00f2 de la <strong>Reforma Protestant<\/strong> -als 500 anys de la seva revoluci\u00f3- i la tercera, el visionat sobre la s\u00e8rie <strong>Black Mirror<\/strong> o com les tecnologies ens podrien afectar en un futur no massa lluny\u00e0.<\/p>\n<p>La Hist\u00f2ria, la Literatura, la Filosofia&#8230; s\u00f3n valors segurs, amb els quals, a part d&#8217;estructurar el discurs amb procediments com la comprensi\u00f3 oral i escrita, l&#8217;atenci\u00f3, la mem\u00f2ria, les habilitats de pensament, estimulem el di\u00e0leg i la reflexi\u00f3 de manera activa. Defensem aquest m\u00e8tode perqu\u00e8 ens proporciona aprenentatge col\u00b7lectiu, on totes les aportacions sumen coneixement.\u00a0 Hem apr\u00e8s molt i ens agradaria tornar a comen\u00e7ar&#8230; despr\u00e9s de les vacances.<\/p>\n","protected":false},"excerpt":{"rendered":"<p><a href=\"http:\/\/agora.xtec.cat\/cfasalvadordali\/wp-content\/uploads\/usu363\/2018\/06\/27.jpg\"><\/a><a href=\"http:\/\/agora.xtec.cat\/cfasalvadordali\/wp-content\/uploads\/usu363\/2018\/06\/Luter.png\"><\/a>En aquest curs 2017-18, l&#8217;aula de Catal\u00e0 3 ha &#8220;inventat&#8221; un esl\u00f2gan anomenat &#8220;C\u00c0PSULES DE CONEIXEMENT&#8221;. La finalitat ha estat motivar alumnes curiosos, amb desig de contrastar i de saber coses&#8230; i que estan d&#8217;acord en treballar la llengua com a medi per&hellip;  <a href=\"https:\/\/agora.xtec.cat\/cfasalvadordali\/general\/les-capsules-de-coneixement-que-es-aixo\/\" title=\"Read LES C\u00c0PSULES DE CONEIXEMENT&#8230; QU\u00c8 \u00c9S AIX\u00d2?\">Llegeix m\u00e9s\u00bb<\/a><\/p>\n","protected":false},"author":1,"featured_media":0,"comment_status":"open","ping_status":"closed","sticky":false,"template":"","format":"standard","meta":{"_bbp_topic_count":0,"_bbp_reply_count":0,"_bbp_total_topic_count":0,"_bbp_total_reply_count":0,"_bbp_voice_count":0,"_bbp_anonymous_reply_count":0,"_bbp_topic_count_hidden":0,"_bbp_reply_count_hidden":0,"_bbp_forum_subforum_count":0,"footnotes":""},"categories":[1],"tags":[],"class_list":["post-976","post","type-post","status-publish","format-standard","hentry","category-general"],"post_mailing_queue_ids":[],"_links":{"self":[{"href":"https:\/\/agora.xtec.cat\/cfasalvadordali\/wp-json\/wp\/v2\/posts\/976","targetHints":{"allow":["GET"]}}],"collection":[{"href":"https:\/\/agora.xtec.cat\/cfasalvadordali\/wp-json\/wp\/v2\/posts"}],"about":[{"href":"https:\/\/agora.xtec.cat\/cfasalvadordali\/wp-json\/wp\/v2\/types\/post"}],"author":[{"embeddable":true,"href":"https:\/\/agora.xtec.cat\/cfasalvadordali\/wp-json\/wp\/v2\/users\/1"}],"replies":[{"embeddable":true,"href":"https:\/\/agora.xtec.cat\/cfasalvadordali\/wp-json\/wp\/v2\/comments?post=976"}],"version-history":[{"count":2,"href":"https:\/\/agora.xtec.cat\/cfasalvadordali\/wp-json\/wp\/v2\/posts\/976\/revisions"}],"predecessor-version":[{"id":983,"href":"https:\/\/agora.xtec.cat\/cfasalvadordali\/wp-json\/wp\/v2\/posts\/976\/revisions\/983"}],"wp:attachment":[{"href":"https:\/\/agora.xtec.cat\/cfasalvadordali\/wp-json\/wp\/v2\/media?parent=976"}],"wp:term":[{"taxonomy":"category","embeddable":true,"href":"https:\/\/agora.xtec.cat\/cfasalvadordali\/wp-json\/wp\/v2\/categories?post=976"},{"taxonomy":"post_tag","embeddable":true,"href":"https:\/\/agora.xtec.cat\/cfasalvadordali\/wp-json\/wp\/v2\/tags?post=976"}],"curies":[{"name":"wp","href":"https:\/\/api.w.org\/{rel}","templated":true}]}}