{"id":965,"date":"2018-06-28T18:53:43","date_gmt":"2018-06-28T16:53:43","guid":{"rendered":"http:\/\/agora.xtec.cat\/cfasalvadordali\/?p=965"},"modified":"2018-06-28T20:05:03","modified_gmt":"2018-06-28T18:05:03","slug":"pa-negre","status":"publish","type":"post","link":"https:\/\/agora.xtec.cat\/cfasalvadordali\/general\/pa-negre\/","title":{"rendered":"PA NEGRE"},"content":{"rendered":"<p>&nbsp;<\/p>\n<p>&nbsp;<\/p>\n<p><a href=\"http:\/\/agora.xtec.cat\/cfasalvadordali\/wp-content\/uploads\/usu363\/2018\/06\/creatividad_literaria.jpg\"><img loading=\"lazy\" decoding=\"async\" class=\"alignnone  wp-image-969\" src=\"http:\/\/agora.xtec.cat\/cfasalvadordali\/wp-content\/uploads\/usu363\/2018\/06\/creatividad_literaria-1024x723.jpg\" alt=\"\" width=\"380\" height=\"268\" srcset=\"https:\/\/agora.xtec.cat\/cfasalvadordali\/wp-content\/uploads\/usu363\/2018\/06\/creatividad_literaria-1024x723.jpg 1024w, https:\/\/agora.xtec.cat\/cfasalvadordali\/wp-content\/uploads\/usu363\/2018\/06\/creatividad_literaria-300x212.jpg 300w, https:\/\/agora.xtec.cat\/cfasalvadordali\/wp-content\/uploads\/usu363\/2018\/06\/creatividad_literaria-768x542.jpg 768w, https:\/\/agora.xtec.cat\/cfasalvadordali\/wp-content\/uploads\/usu363\/2018\/06\/creatividad_literaria.jpg 1600w\" sizes=\"auto, (max-width: 380px) 100vw, 380px\" \/><\/a><\/p>\n<p>A continuaci\u00f3, us presentem la poesia, en modalitat grupal, que va guanyar el <strong>Certamen Literari de Sant Jordi &#8211; 2018<\/strong> de la nostra escola. Ha estat realitzada per alumnes de l&#8217;aula de GES com a pr\u00e0ctica liter\u00e0ria i cooperativa que va representar, durant uns quants dies, una darrera prova d&#8217;escriptura, iniciada amb molt d&#8217;escepticisme i poca fe; va caldre colpir la imaginaci\u00f3, la mem\u00f2ria i el vocabulari prec\u00eds. Aqu\u00ed teniu el resultat&#8230; A nosaltres, ens ha encantat!<\/p>\n<p><strong>PA NEGRE<\/strong><\/p>\n<p>No m&#8217;agrada el color negre.<\/p>\n<p>A qui li agrada el negre?<\/p>\n<p>&nbsp;<\/p>\n<p>Jo vull maduixes ben vermelles i madures<\/p>\n<p>i xocolata blanca, molt desfeta<\/p>\n<p>sota un raig de mel carbassa,<\/p>\n<p>per poder satisfer la meva tristesa i enyoran\u00e7a.<\/p>\n<p>&nbsp;<\/p>\n<p>Jo vull un mel\u00f3 dol\u00e7, amb forma de lluna, suc\u00f3s,<\/p>\n<p>i un pernil rosat i delici\u00f3s<\/p>\n<p>amb un bon pa torrat, groc i cruixent,<\/p>\n<p>per oblidar un mal pensament.<\/p>\n<p>&nbsp;<\/p>\n<p>Jo vull un cel blau, clar i assolellat,<\/p>\n<p>acompanyat de n\u00favols blancs com el cot\u00f3<\/p>\n<p>sobre un mar calmat,<\/p>\n<p>per mirar el futur amb claredat.<\/p>\n<p>&nbsp;<\/p>\n<p>No m&#8217;agrada el negre.<\/p>\n<p>A qui li agrada el negre?<\/p>\n<p>&nbsp;<\/p>\n<p><em>\u00a0\u00a0\u00a0\u00a0\u00a0\u00a0\u00a0\u00a0\u00a0\u00a0\u00a0\u00a0\u00a0\u00a0\u00a0\u00a0\u00a0\u00a0\u00a0\u00a0\u00a0\u00a0\u00a0\u00a0\u00a0\u00a0\u00a0\u00a0\u00a0\u00a0\u00a0\u00a0\u00a0\u00a0 Paco, Radouane, Gerardo i David<\/em><\/p>\n","protected":false},"excerpt":{"rendered":"<p>&nbsp;<br \/>\n&nbsp;<br \/>\n<a href=\"http:\/\/agora.xtec.cat\/cfasalvadordali\/wp-content\/uploads\/usu363\/2018\/06\/creatividad_literaria.jpg\"><\/a><br \/>\nA continuaci\u00f3, us presentem la poesia, en modalitat grupal, que va guanyar el Certamen Literari de Sant Jordi &#8211; 2018 de la nostra escola. Ha estat realitzada per alumnes de l&#8217;aula de GES com a pr\u00e0ctica liter\u00e0ria i cooperativa que va representar, durant uns&hellip;  <a href=\"https:\/\/agora.xtec.cat\/cfasalvadordali\/general\/pa-negre\/\" title=\"Read PA NEGRE\">Llegeix m\u00e9s\u00bb<\/a><\/p>\n","protected":false},"author":1,"featured_media":0,"comment_status":"open","ping_status":"closed","sticky":false,"template":"","format":"standard","meta":{"_bbp_topic_count":0,"_bbp_reply_count":0,"_bbp_total_topic_count":0,"_bbp_total_reply_count":0,"_bbp_voice_count":0,"_bbp_anonymous_reply_count":0,"_bbp_topic_count_hidden":0,"_bbp_reply_count_hidden":0,"_bbp_forum_subforum_count":0,"footnotes":""},"categories":[1,29],"tags":[],"class_list":["post-965","post","type-post","status-publish","format-standard","hentry","category-general","category-portada"],"post_mailing_queue_ids":[],"_links":{"self":[{"href":"https:\/\/agora.xtec.cat\/cfasalvadordali\/wp-json\/wp\/v2\/posts\/965","targetHints":{"allow":["GET"]}}],"collection":[{"href":"https:\/\/agora.xtec.cat\/cfasalvadordali\/wp-json\/wp\/v2\/posts"}],"about":[{"href":"https:\/\/agora.xtec.cat\/cfasalvadordali\/wp-json\/wp\/v2\/types\/post"}],"author":[{"embeddable":true,"href":"https:\/\/agora.xtec.cat\/cfasalvadordali\/wp-json\/wp\/v2\/users\/1"}],"replies":[{"embeddable":true,"href":"https:\/\/agora.xtec.cat\/cfasalvadordali\/wp-json\/wp\/v2\/comments?post=965"}],"version-history":[{"count":2,"href":"https:\/\/agora.xtec.cat\/cfasalvadordali\/wp-json\/wp\/v2\/posts\/965\/revisions"}],"predecessor-version":[{"id":981,"href":"https:\/\/agora.xtec.cat\/cfasalvadordali\/wp-json\/wp\/v2\/posts\/965\/revisions\/981"}],"wp:attachment":[{"href":"https:\/\/agora.xtec.cat\/cfasalvadordali\/wp-json\/wp\/v2\/media?parent=965"}],"wp:term":[{"taxonomy":"category","embeddable":true,"href":"https:\/\/agora.xtec.cat\/cfasalvadordali\/wp-json\/wp\/v2\/categories?post=965"},{"taxonomy":"post_tag","embeddable":true,"href":"https:\/\/agora.xtec.cat\/cfasalvadordali\/wp-json\/wp\/v2\/tags?post=965"}],"curies":[{"name":"wp","href":"https:\/\/api.w.org\/{rel}","templated":true}]}}