{"id":740,"date":"2018-04-10T14:08:54","date_gmt":"2018-04-10T12:08:54","guid":{"rendered":"http:\/\/agora.xtec.cat\/cfasalvadordali\/?p=740"},"modified":"2018-04-10T14:10:41","modified_gmt":"2018-04-10T12:10:41","slug":"formacio-instrumental-i-la-vida-sexual-saludable","status":"publish","type":"post","link":"https:\/\/agora.xtec.cat\/cfasalvadordali\/general\/formacio-instrumental-i-la-vida-sexual-saludable\/","title":{"rendered":"Formaci\u00f3 Instrumental i la vida sexual saludable"},"content":{"rendered":"<p>Despr\u00e9s d&#8217;haver desenvolupat a classe la programaci\u00f3 &#8220;Salut i alimentaci\u00f3&#8221; a tots els grups de Formaci\u00f3 Instrumental de l&#8217;escola, aquest dia 23 de mar\u00e7 es va organitzar una xerrada sobre malalties de transmissi\u00f3 sexual.<\/p>\n<p>Va venir una metgessa de l&#8217;Hospital de Bellvitge i ens va estar il\u00b7lustrant sobre actituds i conductes per la prevenci\u00f3 de moltes malalties.<a href=\"http:\/\/agora.xtec.cat\/cfasalvadordali\/wp-content\/uploads\/usu363\/2018\/04\/IMG11_1332.jpg\"><img loading=\"lazy\" decoding=\"async\" class=\"alignnone size-large wp-image-741\" src=\"http:\/\/agora.xtec.cat\/cfasalvadordali\/wp-content\/uploads\/usu363\/2018\/04\/IMG11_1332-1024x768.jpg\" alt=\"\" width=\"1024\" height=\"768\" srcset=\"https:\/\/agora.xtec.cat\/cfasalvadordali\/wp-content\/uploads\/usu363\/2018\/04\/IMG11_1332.jpg 1024w, https:\/\/agora.xtec.cat\/cfasalvadordali\/wp-content\/uploads\/usu363\/2018\/04\/IMG11_1332-300x225.jpg 300w, https:\/\/agora.xtec.cat\/cfasalvadordali\/wp-content\/uploads\/usu363\/2018\/04\/IMG11_1332-768x576.jpg 768w, https:\/\/agora.xtec.cat\/cfasalvadordali\/wp-content\/uploads\/usu363\/2018\/04\/IMG11_1332-200x150.jpg 200w\" sizes=\"auto, (max-width: 1024px) 100vw, 1024px\" \/><\/a><\/p>\n<p>La confer\u00e8ncia va ser motivadora i molt instructiva, els alumnes van participar fent tota mena de preguntes a la doctora.<\/p>\n<p><a href=\"http:\/\/agora.xtec.cat\/cfasalvadordali\/wp-content\/uploads\/usu363\/2018\/04\/IMG1_1334.jpg\"><img loading=\"lazy\" decoding=\"async\" class=\"alignnone size-large wp-image-744\" src=\"http:\/\/agora.xtec.cat\/cfasalvadordali\/wp-content\/uploads\/usu363\/2018\/04\/IMG1_1334-1024x768.jpg\" alt=\"\" width=\"1024\" height=\"768\" srcset=\"https:\/\/agora.xtec.cat\/cfasalvadordali\/wp-content\/uploads\/usu363\/2018\/04\/IMG1_1334.jpg 1024w, https:\/\/agora.xtec.cat\/cfasalvadordali\/wp-content\/uploads\/usu363\/2018\/04\/IMG1_1334-300x225.jpg 300w, https:\/\/agora.xtec.cat\/cfasalvadordali\/wp-content\/uploads\/usu363\/2018\/04\/IMG1_1334-768x576.jpg 768w, https:\/\/agora.xtec.cat\/cfasalvadordali\/wp-content\/uploads\/usu363\/2018\/04\/IMG1_1334-200x150.jpg 200w\" sizes=\"auto, (max-width: 1024px) 100vw, 1024px\" \/><\/a><\/p>\n<p><a href=\"http:\/\/agora.xtec.cat\/cfasalvadordali\/wp-content\/uploads\/usu363\/2018\/04\/IMG11_1333.jpg\"><img loading=\"lazy\" decoding=\"async\" class=\"alignnone size-large wp-image-743\" src=\"http:\/\/agora.xtec.cat\/cfasalvadordali\/wp-content\/uploads\/usu363\/2018\/04\/IMG11_1333-1024x768.jpg\" alt=\"\" width=\"1024\" height=\"768\" srcset=\"https:\/\/agora.xtec.cat\/cfasalvadordali\/wp-content\/uploads\/usu363\/2018\/04\/IMG11_1333.jpg 1024w, https:\/\/agora.xtec.cat\/cfasalvadordali\/wp-content\/uploads\/usu363\/2018\/04\/IMG11_1333-300x225.jpg 300w, https:\/\/agora.xtec.cat\/cfasalvadordali\/wp-content\/uploads\/usu363\/2018\/04\/IMG11_1333-768x576.jpg 768w, https:\/\/agora.xtec.cat\/cfasalvadordali\/wp-content\/uploads\/usu363\/2018\/04\/IMG11_1333-200x150.jpg 200w\" sizes=\"auto, (max-width: 1024px) 100vw, 1024px\" \/><\/a><\/p>\n<p>Per finalitzar l&#8217;activitat, els alumnes van rebre un petit &#8220;detall&#8221; per part de l&#8217;escola. Un detall relacionat amb la nutrici\u00f3 saludable.<\/p>\n<p><a href=\"http:\/\/agora.xtec.cat\/cfasalvadordali\/wp-content\/uploads\/usu363\/2018\/04\/IMG1_1335.jpg\"><img loading=\"lazy\" decoding=\"async\" class=\"size-large wp-image-745 aligncenter\" src=\"http:\/\/agora.xtec.cat\/cfasalvadordali\/wp-content\/uploads\/usu363\/2018\/04\/IMG1_1335-768x1024.jpg\" alt=\"\" width=\"768\" height=\"1024\" srcset=\"https:\/\/agora.xtec.cat\/cfasalvadordali\/wp-content\/uploads\/usu363\/2018\/04\/IMG1_1335-768x1024.jpg 768w, https:\/\/agora.xtec.cat\/cfasalvadordali\/wp-content\/uploads\/usu363\/2018\/04\/IMG1_1335-225x300.jpg 225w, https:\/\/agora.xtec.cat\/cfasalvadordali\/wp-content\/uploads\/usu363\/2018\/04\/IMG1_1335.jpg 1024w\" sizes=\"auto, (max-width: 768px) 100vw, 768px\" \/><\/a><\/p>\n<p>&nbsp;<\/p>\n<p><a href=\"http:\/\/agora.xtec.cat\/cfasalvadordali\/wp-content\/uploads\/usu363\/2018\/04\/IMG1_1336.jpg\"><img loading=\"lazy\" decoding=\"async\" class=\"size-large wp-image-746 aligncenter\" src=\"http:\/\/agora.xtec.cat\/cfasalvadordali\/wp-content\/uploads\/usu363\/2018\/04\/IMG1_1336-1024x768.jpg\" alt=\"\" width=\"1024\" height=\"768\" srcset=\"https:\/\/agora.xtec.cat\/cfasalvadordali\/wp-content\/uploads\/usu363\/2018\/04\/IMG1_1336.jpg 1024w, https:\/\/agora.xtec.cat\/cfasalvadordali\/wp-content\/uploads\/usu363\/2018\/04\/IMG1_1336-300x225.jpg 300w, https:\/\/agora.xtec.cat\/cfasalvadordali\/wp-content\/uploads\/usu363\/2018\/04\/IMG1_1336-768x576.jpg 768w, https:\/\/agora.xtec.cat\/cfasalvadordali\/wp-content\/uploads\/usu363\/2018\/04\/IMG1_1336-200x150.jpg 200w\" sizes=\"auto, (max-width: 1024px) 100vw, 1024px\" \/><\/a><\/p>\n","protected":false},"excerpt":{"rendered":"<p>Despr\u00e9s d&#8217;haver desenvolupat a classe la programaci\u00f3 &#8220;Salut i alimentaci\u00f3&#8221; a tots els grups de Formaci\u00f3 Instrumental de l&#8217;escola, aquest dia 23 de mar\u00e7 es va organitzar una xerrada sobre malalties de transmissi\u00f3 sexual.<br \/>\nVa venir una metgessa de l&#8217;Hospital de Bellvitge i ens va estar&hellip;  <a href=\"https:\/\/agora.xtec.cat\/cfasalvadordali\/general\/formacio-instrumental-i-la-vida-sexual-saludable\/\" title=\"Read Formaci\u00f3 Instrumental i la vida sexual saludable\">Llegeix m\u00e9s\u00bb<\/a><\/p>\n","protected":false},"author":1,"featured_media":741,"comment_status":"open","ping_status":"closed","sticky":false,"template":"","format":"standard","meta":{"_bbp_topic_count":0,"_bbp_reply_count":0,"_bbp_total_topic_count":0,"_bbp_total_reply_count":0,"_bbp_voice_count":0,"_bbp_anonymous_reply_count":0,"_bbp_topic_count_hidden":0,"_bbp_reply_count_hidden":0,"_bbp_forum_subforum_count":0,"footnotes":""},"categories":[1,29],"tags":[109,110,108],"class_list":["post-740","post","type-post","status-publish","format-standard","has-post-thumbnail","hentry","category-general","category-portada","tag-educacio-sexual","tag-nutricio","tag-salut-sexual"],"post_mailing_queue_ids":[],"_links":{"self":[{"href":"https:\/\/agora.xtec.cat\/cfasalvadordali\/wp-json\/wp\/v2\/posts\/740","targetHints":{"allow":["GET"]}}],"collection":[{"href":"https:\/\/agora.xtec.cat\/cfasalvadordali\/wp-json\/wp\/v2\/posts"}],"about":[{"href":"https:\/\/agora.xtec.cat\/cfasalvadordali\/wp-json\/wp\/v2\/types\/post"}],"author":[{"embeddable":true,"href":"https:\/\/agora.xtec.cat\/cfasalvadordali\/wp-json\/wp\/v2\/users\/1"}],"replies":[{"embeddable":true,"href":"https:\/\/agora.xtec.cat\/cfasalvadordali\/wp-json\/wp\/v2\/comments?post=740"}],"version-history":[{"count":3,"href":"https:\/\/agora.xtec.cat\/cfasalvadordali\/wp-json\/wp\/v2\/posts\/740\/revisions"}],"predecessor-version":[{"id":749,"href":"https:\/\/agora.xtec.cat\/cfasalvadordali\/wp-json\/wp\/v2\/posts\/740\/revisions\/749"}],"wp:featuredmedia":[{"embeddable":true,"href":"https:\/\/agora.xtec.cat\/cfasalvadordali\/wp-json\/wp\/v2\/media\/741"}],"wp:attachment":[{"href":"https:\/\/agora.xtec.cat\/cfasalvadordali\/wp-json\/wp\/v2\/media?parent=740"}],"wp:term":[{"taxonomy":"category","embeddable":true,"href":"https:\/\/agora.xtec.cat\/cfasalvadordali\/wp-json\/wp\/v2\/categories?post=740"},{"taxonomy":"post_tag","embeddable":true,"href":"https:\/\/agora.xtec.cat\/cfasalvadordali\/wp-json\/wp\/v2\/tags?post=740"}],"curies":[{"name":"wp","href":"https:\/\/api.w.org\/{rel}","templated":true}]}}