{"id":720,"date":"2018-03-20T15:02:49","date_gmt":"2018-03-20T14:02:49","guid":{"rendered":"http:\/\/agora.xtec.cat\/cfasalvadordali\/?p=720"},"modified":"2018-03-21T00:16:45","modified_gmt":"2018-03-20T23:16:45","slug":"dia-de-la-son","status":"publish","type":"post","link":"https:\/\/agora.xtec.cat\/cfasalvadordali\/general\/dia-de-la-son\/","title":{"rendered":"DIA DE LA SON"},"content":{"rendered":"<p>L&#8217;escola Salvador Dal\u00ed va dedicar una jornada a celebrar aquest dia mundial de la son.<\/p>\n<p><a href=\"http:\/\/agora.xtec.cat\/cfasalvadordali\/wp-content\/uploads\/usu363\/2018\/03\/IMG_1293r.jpg\"><img loading=\"lazy\" decoding=\"async\" class=\"alignnone size-large wp-image-723\" src=\"http:\/\/agora.xtec.cat\/cfasalvadordali\/wp-content\/uploads\/usu363\/2018\/03\/IMG_1293r-1024x768.jpg\" alt=\"\" width=\"1024\" height=\"768\" srcset=\"https:\/\/agora.xtec.cat\/cfasalvadordali\/wp-content\/uploads\/usu363\/2018\/03\/IMG_1293r-1024x768.jpg 1024w, https:\/\/agora.xtec.cat\/cfasalvadordali\/wp-content\/uploads\/usu363\/2018\/03\/IMG_1293r-300x225.jpg 300w, https:\/\/agora.xtec.cat\/cfasalvadordali\/wp-content\/uploads\/usu363\/2018\/03\/IMG_1293r-768x576.jpg 768w, https:\/\/agora.xtec.cat\/cfasalvadordali\/wp-content\/uploads\/usu363\/2018\/03\/IMG_1293r-200x150.jpg 200w, https:\/\/agora.xtec.cat\/cfasalvadordali\/wp-content\/uploads\/usu363\/2018\/03\/IMG_1293r.jpg 2000w\" sizes=\"auto, (max-width: 1024px) 100vw, 1024px\" \/><\/a><\/p>\n<p>Dins dels actes preparats, ens va visitar Francesc Segarra, de la Cl\u00ednica Estivill, i ens oferir una confer\u00e8ncia sobre el tema.<\/p>\n<p><a href=\"http:\/\/agora.xtec.cat\/cfasalvadordali\/wp-content\/uploads\/usu363\/2018\/03\/IMG_1297r.jpg\"><img loading=\"lazy\" decoding=\"async\" class=\"alignnone size-large wp-image-724\" src=\"http:\/\/agora.xtec.cat\/cfasalvadordali\/wp-content\/uploads\/usu363\/2018\/03\/IMG_1297r-1024x768.jpg\" alt=\"\" width=\"1024\" height=\"768\" srcset=\"https:\/\/agora.xtec.cat\/cfasalvadordali\/wp-content\/uploads\/usu363\/2018\/03\/IMG_1297r-1024x768.jpg 1024w, https:\/\/agora.xtec.cat\/cfasalvadordali\/wp-content\/uploads\/usu363\/2018\/03\/IMG_1297r-300x225.jpg 300w, https:\/\/agora.xtec.cat\/cfasalvadordali\/wp-content\/uploads\/usu363\/2018\/03\/IMG_1297r-768x576.jpg 768w, https:\/\/agora.xtec.cat\/cfasalvadordali\/wp-content\/uploads\/usu363\/2018\/03\/IMG_1297r-200x150.jpg 200w, https:\/\/agora.xtec.cat\/cfasalvadordali\/wp-content\/uploads\/usu363\/2018\/03\/IMG_1297r.jpg 2000w\" sizes=\"auto, (max-width: 1024px) 100vw, 1024px\" \/><\/a><\/p>\n<p>Aquesta xerrada va desenvolupar punts com l&#8217;explicaci\u00f3 de qu\u00e8 \u00e9s la son, la necessitat de dormir b\u00e9, consells i remeis naturals i qu\u00edmics.<a href=\"http:\/\/agora.xtec.cat\/cfasalvadordali\/wp-content\/uploads\/usu363\/2018\/03\/IMG_1296r.jpg\"><img loading=\"lazy\" decoding=\"async\" class=\"alignnone size-large wp-image-728\" src=\"http:\/\/agora.xtec.cat\/cfasalvadordali\/wp-content\/uploads\/usu363\/2018\/03\/IMG_1296r-1024x768.jpg\" alt=\"\" width=\"1024\" height=\"768\" srcset=\"https:\/\/agora.xtec.cat\/cfasalvadordali\/wp-content\/uploads\/usu363\/2018\/03\/IMG_1296r-1024x768.jpg 1024w, https:\/\/agora.xtec.cat\/cfasalvadordali\/wp-content\/uploads\/usu363\/2018\/03\/IMG_1296r-300x225.jpg 300w, https:\/\/agora.xtec.cat\/cfasalvadordali\/wp-content\/uploads\/usu363\/2018\/03\/IMG_1296r-768x576.jpg 768w, https:\/\/agora.xtec.cat\/cfasalvadordali\/wp-content\/uploads\/usu363\/2018\/03\/IMG_1296r-200x150.jpg 200w, https:\/\/agora.xtec.cat\/cfasalvadordali\/wp-content\/uploads\/usu363\/2018\/03\/IMG_1296r.jpg 1500w\" sizes=\"auto, (max-width: 1024px) 100vw, 1024px\" \/><\/a><\/p>\n<p>En Francesc Segarra va resultar un gran orador i un bon pedagog. La seva informaci\u00f3 va ser molt entenedora i pr\u00e0ctica, va enganxar els alumnes des del primer moment.<a href=\"http:\/\/agora.xtec.cat\/cfasalvadordali\/wp-content\/uploads\/usu363\/2018\/03\/IMG_1300piohpoih.jpg\"><img loading=\"lazy\" decoding=\"async\" class=\"alignnone size-large wp-image-729\" src=\"http:\/\/agora.xtec.cat\/cfasalvadordali\/wp-content\/uploads\/usu363\/2018\/03\/IMG_1300piohpoih-1024x768.jpg\" alt=\"\" width=\"1024\" height=\"768\" srcset=\"https:\/\/agora.xtec.cat\/cfasalvadordali\/wp-content\/uploads\/usu363\/2018\/03\/IMG_1300piohpoih-1024x768.jpg 1024w, https:\/\/agora.xtec.cat\/cfasalvadordali\/wp-content\/uploads\/usu363\/2018\/03\/IMG_1300piohpoih-300x225.jpg 300w, https:\/\/agora.xtec.cat\/cfasalvadordali\/wp-content\/uploads\/usu363\/2018\/03\/IMG_1300piohpoih-768x576.jpg 768w, https:\/\/agora.xtec.cat\/cfasalvadordali\/wp-content\/uploads\/usu363\/2018\/03\/IMG_1300piohpoih-200x150.jpg 200w, https:\/\/agora.xtec.cat\/cfasalvadordali\/wp-content\/uploads\/usu363\/2018\/03\/IMG_1300piohpoih.jpg 1900w\" sizes=\"auto, (max-width: 1024px) 100vw, 1024px\" \/><\/a><\/p>\n<p>&nbsp;<\/p>\n<p>Altres de les activitats de les jornades van ser relaxaci\u00f3 mitjan\u00e7ant bols tibetans i mantres.<\/p>\n<p>Durant tota la tarda del passat 16 de mar\u00e7, els alumnes i mestres van participar d&#8217;aquestes dues activitats.<\/p>\n<p><a href=\"http:\/\/agora.xtec.cat\/cfasalvadordali\/wp-content\/uploads\/usu363\/2018\/03\/IMG_0002r.jpg\"><img loading=\"lazy\" decoding=\"async\" class=\"alignnone size-large wp-image-727\" src=\"http:\/\/agora.xtec.cat\/cfasalvadordali\/wp-content\/uploads\/usu363\/2018\/03\/IMG_0002r-1024x768.jpg\" alt=\"\" width=\"1024\" height=\"768\" srcset=\"https:\/\/agora.xtec.cat\/cfasalvadordali\/wp-content\/uploads\/usu363\/2018\/03\/IMG_0002r-1024x768.jpg 1024w, https:\/\/agora.xtec.cat\/cfasalvadordali\/wp-content\/uploads\/usu363\/2018\/03\/IMG_0002r-300x225.jpg 300w, https:\/\/agora.xtec.cat\/cfasalvadordali\/wp-content\/uploads\/usu363\/2018\/03\/IMG_0002r-768x576.jpg 768w, https:\/\/agora.xtec.cat\/cfasalvadordali\/wp-content\/uploads\/usu363\/2018\/03\/IMG_0002r-200x150.jpg 200w, https:\/\/agora.xtec.cat\/cfasalvadordali\/wp-content\/uploads\/usu363\/2018\/03\/IMG_0002r.jpg 1500w\" sizes=\"auto, (max-width: 1024px) 100vw, 1024px\" \/><\/a><\/p>\n<p>Les dinamitzadores de l&#8217;activitat dels bols tibetans van ser l&#8217;Anna, volunt\u00e0ria del centre, i l&#8217;Eva, traballadora social del centre.<\/p>\n<p><a href=\"http:\/\/agora.xtec.cat\/cfasalvadordali\/wp-content\/uploads\/usu363\/2018\/03\/IMG_1308r.jpg\"><img loading=\"lazy\" decoding=\"async\" class=\"size-large wp-image-730 aligncenter\" src=\"http:\/\/agora.xtec.cat\/cfasalvadordali\/wp-content\/uploads\/usu363\/2018\/03\/IMG_1308r-1024x768.jpg\" alt=\"\" width=\"1024\" height=\"768\" srcset=\"https:\/\/agora.xtec.cat\/cfasalvadordali\/wp-content\/uploads\/usu363\/2018\/03\/IMG_1308r-1024x768.jpg 1024w, https:\/\/agora.xtec.cat\/cfasalvadordali\/wp-content\/uploads\/usu363\/2018\/03\/IMG_1308r-300x225.jpg 300w, https:\/\/agora.xtec.cat\/cfasalvadordali\/wp-content\/uploads\/usu363\/2018\/03\/IMG_1308r-768x576.jpg 768w, https:\/\/agora.xtec.cat\/cfasalvadordali\/wp-content\/uploads\/usu363\/2018\/03\/IMG_1308r-200x150.jpg 200w, https:\/\/agora.xtec.cat\/cfasalvadordali\/wp-content\/uploads\/usu363\/2018\/03\/IMG_1308r.jpg 1500w\" sizes=\"auto, (max-width: 1024px) 100vw, 1024px\" \/><\/a> <a href=\"http:\/\/agora.xtec.cat\/cfasalvadordali\/wp-content\/uploads\/usu363\/2018\/03\/IMG_1321r.jpg\"><img loading=\"lazy\" decoding=\"async\" class=\"size-large wp-image-732 aligncenter\" src=\"http:\/\/agora.xtec.cat\/cfasalvadordali\/wp-content\/uploads\/usu363\/2018\/03\/IMG_1321r-1024x768.jpg\" alt=\"\" width=\"1024\" height=\"768\" srcset=\"https:\/\/agora.xtec.cat\/cfasalvadordali\/wp-content\/uploads\/usu363\/2018\/03\/IMG_1321r-1024x768.jpg 1024w, https:\/\/agora.xtec.cat\/cfasalvadordali\/wp-content\/uploads\/usu363\/2018\/03\/IMG_1321r-300x225.jpg 300w, https:\/\/agora.xtec.cat\/cfasalvadordali\/wp-content\/uploads\/usu363\/2018\/03\/IMG_1321r-768x576.jpg 768w, https:\/\/agora.xtec.cat\/cfasalvadordali\/wp-content\/uploads\/usu363\/2018\/03\/IMG_1321r-200x150.jpg 200w, https:\/\/agora.xtec.cat\/cfasalvadordali\/wp-content\/uploads\/usu363\/2018\/03\/IMG_1321r.jpg 1500w\" sizes=\"auto, (max-width: 1024px) 100vw, 1024px\" \/><\/a> <a href=\"http:\/\/agora.xtec.cat\/cfasalvadordali\/wp-content\/uploads\/usu363\/2018\/03\/IMG_1330r.jpg\"><img loading=\"lazy\" decoding=\"async\" class=\"size-large wp-image-733 aligncenter\" src=\"http:\/\/agora.xtec.cat\/cfasalvadordali\/wp-content\/uploads\/usu363\/2018\/03\/IMG_1330r-768x1024.jpg\" alt=\"\" width=\"768\" height=\"1024\" srcset=\"https:\/\/agora.xtec.cat\/cfasalvadordali\/wp-content\/uploads\/usu363\/2018\/03\/IMG_1330r-768x1024.jpg 768w, https:\/\/agora.xtec.cat\/cfasalvadordali\/wp-content\/uploads\/usu363\/2018\/03\/IMG_1330r-225x300.jpg 225w, https:\/\/agora.xtec.cat\/cfasalvadordali\/wp-content\/uploads\/usu363\/2018\/03\/IMG_1330r.jpg 1125w\" sizes=\"auto, (max-width: 768px) 100vw, 768px\" \/><\/a> <a href=\"http:\/\/agora.xtec.cat\/cfasalvadordali\/wp-content\/uploads\/usu363\/2018\/03\/IMG_1317r.jpg\"><img loading=\"lazy\" decoding=\"async\" class=\"size-large wp-image-731 aligncenter\" src=\"http:\/\/agora.xtec.cat\/cfasalvadordali\/wp-content\/uploads\/usu363\/2018\/03\/IMG_1317r-768x1024.jpg\" alt=\"\" width=\"768\" height=\"1024\" srcset=\"https:\/\/agora.xtec.cat\/cfasalvadordali\/wp-content\/uploads\/usu363\/2018\/03\/IMG_1317r-768x1024.jpg 768w, https:\/\/agora.xtec.cat\/cfasalvadordali\/wp-content\/uploads\/usu363\/2018\/03\/IMG_1317r-225x300.jpg 225w, https:\/\/agora.xtec.cat\/cfasalvadordali\/wp-content\/uploads\/usu363\/2018\/03\/IMG_1317r.jpg 1125w\" sizes=\"auto, (max-width: 768px) 100vw, 768px\" \/><\/a><\/p>\n<p>L&#8217;activitat dels mantres va ser oferida pel Quim i quatre persones m\u00e9s, que venien del Maresme i s\u00f3n experts en el cant de mantres. El resultat va ser fant\u00e0stic, els alumnes, que en un principi entraven a l&#8217;activitat amb cara seriosa, van sortir amb un somriure a la cara i un estat de relaxaci\u00f3 que va sorprendre tothom.<\/p>\n<p><a href=\"http:\/\/agora.xtec.cat\/cfasalvadordali\/wp-content\/uploads\/usu363\/2018\/03\/IMG_0001r.jpg\"><img loading=\"lazy\" decoding=\"async\" class=\"size-large wp-image-726 aligncenter\" src=\"http:\/\/agora.xtec.cat\/cfasalvadordali\/wp-content\/uploads\/usu363\/2018\/03\/IMG_0001r-1024x768.jpg\" alt=\"\" width=\"1024\" height=\"768\" srcset=\"https:\/\/agora.xtec.cat\/cfasalvadordali\/wp-content\/uploads\/usu363\/2018\/03\/IMG_0001r-1024x768.jpg 1024w, https:\/\/agora.xtec.cat\/cfasalvadordali\/wp-content\/uploads\/usu363\/2018\/03\/IMG_0001r-300x225.jpg 300w, https:\/\/agora.xtec.cat\/cfasalvadordali\/wp-content\/uploads\/usu363\/2018\/03\/IMG_0001r-768x576.jpg 768w, https:\/\/agora.xtec.cat\/cfasalvadordali\/wp-content\/uploads\/usu363\/2018\/03\/IMG_0001r-200x150.jpg 200w, https:\/\/agora.xtec.cat\/cfasalvadordali\/wp-content\/uploads\/usu363\/2018\/03\/IMG_0001r.jpg 1500w\" sizes=\"auto, (max-width: 1024px) 100vw, 1024px\" \/><\/a><\/p>\n<p>Els seus cants ens van transportar a un lloc id\u00edl\u00b7lic i bonic.<\/p>\n<p><a href=\"http:\/\/agora.xtec.cat\/cfasalvadordali\/wp-content\/uploads\/usu363\/2018\/03\/admin-ajax.jpg\"><img loading=\"lazy\" decoding=\"async\" class=\" wp-image-737 aligncenter\" src=\"http:\/\/agora.xtec.cat\/cfasalvadordali\/wp-content\/uploads\/usu363\/2018\/03\/admin-ajax.jpg\" alt=\"\" width=\"500\" height=\"375\" srcset=\"https:\/\/agora.xtec.cat\/cfasalvadordali\/wp-content\/uploads\/usu363\/2018\/03\/admin-ajax.jpg 400w, https:\/\/agora.xtec.cat\/cfasalvadordali\/wp-content\/uploads\/usu363\/2018\/03\/admin-ajax-300x225.jpg 300w, https:\/\/agora.xtec.cat\/cfasalvadordali\/wp-content\/uploads\/usu363\/2018\/03\/admin-ajax-200x150.jpg 200w\" sizes=\"auto, (max-width: 500px) 100vw, 500px\" \/><\/a><\/p>\n<p>&nbsp;<\/p>\n","protected":false},"excerpt":{"rendered":"<p>L&#8217;escola Salvador Dal\u00ed va dedicar una jornada a celebrar aquest dia mundial de la son.<br \/>\n<a href=\"http:\/\/agora.xtec.cat\/cfasalvadordali\/wp-content\/uploads\/usu363\/2018\/03\/IMG_1293r.jpg\"><\/a><br \/>\nDins dels actes preparats, ens va visitar Francesc Segarra, de la Cl\u00ednica Estivill, i ens oferir una confer\u00e8ncia sobre el tema.<br \/>\n<a href=\"http:\/\/agora.xtec.cat\/cfasalvadordali\/wp-content\/uploads\/usu363\/2018\/03\/IMG_1297r.jpg\"><\/a><br \/>\nAquesta xerrada va desenvolupar punts com l&#8217;explicaci\u00f3 de qu\u00e8&hellip;  <a href=\"https:\/\/agora.xtec.cat\/cfasalvadordali\/general\/dia-de-la-son\/\" title=\"Read DIA DE LA SON\">Llegeix m\u00e9s\u00bb<\/a><\/p>\n","protected":false},"author":1,"featured_media":723,"comment_status":"open","ping_status":"closed","sticky":false,"template":"","format":"standard","meta":{"_bbp_topic_count":0,"_bbp_reply_count":0,"_bbp_total_topic_count":0,"_bbp_total_reply_count":0,"_bbp_voice_count":0,"_bbp_anonymous_reply_count":0,"_bbp_topic_count_hidden":0,"_bbp_reply_count_hidden":0,"_bbp_forum_subforum_count":0,"footnotes":""},"categories":[96,1,29],"tags":[],"class_list":["post-720","post","type-post","status-publish","format-standard","has-post-thumbnail","hentry","category-activitats-culturals","category-general","category-portada"],"post_mailing_queue_ids":[],"_links":{"self":[{"href":"https:\/\/agora.xtec.cat\/cfasalvadordali\/wp-json\/wp\/v2\/posts\/720","targetHints":{"allow":["GET"]}}],"collection":[{"href":"https:\/\/agora.xtec.cat\/cfasalvadordali\/wp-json\/wp\/v2\/posts"}],"about":[{"href":"https:\/\/agora.xtec.cat\/cfasalvadordali\/wp-json\/wp\/v2\/types\/post"}],"author":[{"embeddable":true,"href":"https:\/\/agora.xtec.cat\/cfasalvadordali\/wp-json\/wp\/v2\/users\/1"}],"replies":[{"embeddable":true,"href":"https:\/\/agora.xtec.cat\/cfasalvadordali\/wp-json\/wp\/v2\/comments?post=720"}],"version-history":[{"count":3,"href":"https:\/\/agora.xtec.cat\/cfasalvadordali\/wp-json\/wp\/v2\/posts\/720\/revisions"}],"predecessor-version":[{"id":739,"href":"https:\/\/agora.xtec.cat\/cfasalvadordali\/wp-json\/wp\/v2\/posts\/720\/revisions\/739"}],"wp:featuredmedia":[{"embeddable":true,"href":"https:\/\/agora.xtec.cat\/cfasalvadordali\/wp-json\/wp\/v2\/media\/723"}],"wp:attachment":[{"href":"https:\/\/agora.xtec.cat\/cfasalvadordali\/wp-json\/wp\/v2\/media?parent=720"}],"wp:term":[{"taxonomy":"category","embeddable":true,"href":"https:\/\/agora.xtec.cat\/cfasalvadordali\/wp-json\/wp\/v2\/categories?post=720"},{"taxonomy":"post_tag","embeddable":true,"href":"https:\/\/agora.xtec.cat\/cfasalvadordali\/wp-json\/wp\/v2\/tags?post=720"}],"curies":[{"name":"wp","href":"https:\/\/api.w.org\/{rel}","templated":true}]}}