{"id":710,"date":"2018-02-06T15:01:37","date_gmt":"2018-02-06T14:01:37","guid":{"rendered":"http:\/\/agora.xtec.cat\/cfasalvadordali\/?p=710"},"modified":"2018-02-06T15:06:14","modified_gmt":"2018-02-06T14:06:14","slug":"projecte-final-primer-trimestre-ges","status":"publish","type":"post","link":"https:\/\/agora.xtec.cat\/cfasalvadordali\/general\/projecte-final-primer-trimestre-ges\/","title":{"rendered":"Projecte final primer trimestre GES"},"content":{"rendered":"<p><strong>Treball realitzat pels alumnes de Graduat Educaci\u00f3 Secund\u00e0ria \u00a0(GES) de l\u2019Escola Salvador Dal\u00ed a l\u2019aula d\u2019inform\u00e0tica. <\/strong><\/p>\n<p><strong>Durant aquest per\u00edode els alumnes han treballat els esdeveniments principals dels s. XVIII aix\u00ed com els seus personatges m\u00e9s destacats.<\/strong><\/p>\n<p><strong>Cliqueu els enlla\u00e7os per veure les presentacions.<\/strong><\/p>\n<p><a href=\"http:\/\/agora.xtec.cat\/cfasalvadordali\/wp-content\/uploads\/usu363\/2018\/02\/Cristian-Portillo2.odp\"><b>CIENT\u00cdFICOS: F\u00cdSICOS Y QU\u00cdMICOS<\/b><\/a><\/p>\n<p><a href=\"http:\/\/agora.xtec.cat\/cfasalvadordali\/wp-content\/uploads\/usu363\/2018\/02\/thomas-jeff.odp\">thomas jeff<\/a><\/p>\n<p><a href=\"http:\/\/agora.xtec.cat\/cfasalvadordali\/wp-content\/uploads\/usu363\/2018\/02\/Leonhard-Euler.odp\">Leonhard Euler<\/a><\/p>\n<p><a href=\"http:\/\/agora.xtec.cat\/cfasalvadordali\/wp-content\/uploads\/usu363\/2018\/02\/gallego-newton.odp\">Newton<\/a><\/p>\n<p><a href=\"http:\/\/agora.xtec.cat\/cfasalvadordali\/wp-content\/uploads\/usu363\/2018\/02\/Franklin.odp\">Franklin<\/a><\/p>\n<p><a href=\"http:\/\/agora.xtec.cat\/cfasalvadordali\/wp-content\/uploads\/usu363\/2018\/02\/FRANC-c\u00f2pia.odp\">Goya<\/a><\/p>\n<p><a href=\"http:\/\/agora.xtec.cat\/cfasalvadordali\/wp-content\/uploads\/usu363\/2018\/02\/CIENT\u00cdFICOS-def.ppt\">CIENT\u00cdFICOS def<\/a><\/p>\n","protected":false},"excerpt":{"rendered":"<p>Treball realitzat pels alumnes de Graduat Educaci\u00f3 Secund\u00e0ria \u00a0(GES) de l\u2019Escola Salvador Dal\u00ed a l\u2019aula d\u2019inform\u00e0tica.<br \/>\nDurant aquest per\u00edode els alumnes han treballat els esdeveniments principals dels s. XVIII aix\u00ed com els seus personatges m\u00e9s destacats.<br \/>\nCliqueu els enlla\u00e7os per veure les presentacions.<br \/>\n<a href=\"http:\/\/agora.xtec.cat\/cfasalvadordali\/wp-content\/uploads\/usu363\/2018\/02\/Cristian-Portillo2.odp\">CIENT\u00cdFICOS: F\u00cdSICOS Y&hellip;  <a href=\"https:\/\/agora.xtec.cat\/cfasalvadordali\/general\/projecte-final-primer-trimestre-ges\/\" title=\"Read Projecte final primer trimestre GES\">Llegeix m\u00e9s\u00bb<\/a><\/p>\n","protected":false},"author":1,"featured_media":711,"comment_status":"open","ping_status":"closed","sticky":false,"template":"","format":"standard","meta":{"_bbp_topic_count":0,"_bbp_reply_count":0,"_bbp_total_topic_count":0,"_bbp_total_reply_count":0,"_bbp_voice_count":0,"_bbp_anonymous_reply_count":0,"_bbp_topic_count_hidden":0,"_bbp_reply_count_hidden":0,"_bbp_forum_subforum_count":0,"footnotes":""},"categories":[1,84,86,85,29],"tags":[],"class_list":["post-710","post","type-post","status-publish","format-standard","has-post-thumbnail","hentry","category-general","category-ges1","category-ges2","category-geso","category-portada"],"post_mailing_queue_ids":[],"_links":{"self":[{"href":"https:\/\/agora.xtec.cat\/cfasalvadordali\/wp-json\/wp\/v2\/posts\/710","targetHints":{"allow":["GET"]}}],"collection":[{"href":"https:\/\/agora.xtec.cat\/cfasalvadordali\/wp-json\/wp\/v2\/posts"}],"about":[{"href":"https:\/\/agora.xtec.cat\/cfasalvadordali\/wp-json\/wp\/v2\/types\/post"}],"author":[{"embeddable":true,"href":"https:\/\/agora.xtec.cat\/cfasalvadordali\/wp-json\/wp\/v2\/users\/1"}],"replies":[{"embeddable":true,"href":"https:\/\/agora.xtec.cat\/cfasalvadordali\/wp-json\/wp\/v2\/comments?post=710"}],"version-history":[{"count":2,"href":"https:\/\/agora.xtec.cat\/cfasalvadordali\/wp-json\/wp\/v2\/posts\/710\/revisions"}],"predecessor-version":[{"id":713,"href":"https:\/\/agora.xtec.cat\/cfasalvadordali\/wp-json\/wp\/v2\/posts\/710\/revisions\/713"}],"wp:featuredmedia":[{"embeddable":true,"href":"https:\/\/agora.xtec.cat\/cfasalvadordali\/wp-json\/wp\/v2\/media\/711"}],"wp:attachment":[{"href":"https:\/\/agora.xtec.cat\/cfasalvadordali\/wp-json\/wp\/v2\/media?parent=710"}],"wp:term":[{"taxonomy":"category","embeddable":true,"href":"https:\/\/agora.xtec.cat\/cfasalvadordali\/wp-json\/wp\/v2\/categories?post=710"},{"taxonomy":"post_tag","embeddable":true,"href":"https:\/\/agora.xtec.cat\/cfasalvadordali\/wp-json\/wp\/v2\/tags?post=710"}],"curies":[{"name":"wp","href":"https:\/\/api.w.org\/{rel}","templated":true}]}}