{"id":649,"date":"2018-01-09T14:41:59","date_gmt":"2018-01-09T13:41:59","guid":{"rendered":"http:\/\/agora.xtec.cat\/cfasalvadordali\/?p=649"},"modified":"2018-01-24T14:24:33","modified_gmt":"2018-01-24T13:24:33","slug":"iii-setmana-de-la-ciencia","status":"publish","type":"post","link":"https:\/\/agora.xtec.cat\/cfasalvadordali\/general\/iii-setmana-de-la-ciencia\/","title":{"rendered":"III SETMANA DE LA CI\u00c8NCIA"},"content":{"rendered":"<p>Un curs m\u00e9s, a l\u2019escola hem gaudit de La Setmana de la Ci\u00e8ncia al llarg del mes de desembre. El fil conductor de l\u2019edici\u00f3 d\u2019enguany \u00e9s el turisme sostenible, amb motiu de la celebraci\u00f3 de l\u2019Any Internacional del Turisme Sostenible per al Desenvolupament, promogut per Nacions Unides, que aspira a sensibilitzar els responsables de prendre decisions i el p\u00fablic en general de la contribuci\u00f3 del turisme sostenible al desenvolupament.<\/p>\n<p>L\u2019Any Internacional del Turisme Sostenible per al Desenvolupament posa \u00e8mfasi en el paper del turisme en cinc \u00e0mbits clau:<\/p>\n<p>1) creixement econ\u00f2mic inclusiu i sostenible;<\/p>\n<p>2) inclusi\u00f3 social, ocupaci\u00f3 i reducci\u00f3 de la pobresa;<\/p>\n<p>3) \u00fas eficient dels recursos, protecci\u00f3 ambiental i canvi clim\u00e0tic;<\/p>\n<p>4) valors culturals, diversitat i patrimoni; i<\/p>\n<p>5) la comprensi\u00f3 m\u00fatua, pau i seguretat.<\/p>\n<p>Hem pogut participar a diferents activitats organitzades per una comissi\u00f3 de docents del centre, m\u00e9s l\u2019ajuda de diferents organitzacions com:<\/p>\n<ul>\n<li>Greenpeace.<\/li>\n<li>Museu del Gas de Sabadell.<\/li>\n<li>Museu de Ci\u00e8ncies Naturals de Granollers.<\/li>\n<\/ul>\n<p>La participaci\u00f3 per part dels alumnes ha sigut un \u00e8xit, esperem que els curs vinent es pugui celebrar la quarta edici\u00f3.<\/p>\n<p>Gr\u00e0cies per la vostra participaci\u00f3!<\/p>\n<p><a href=\"http:\/\/agora.xtec.cat\/cfasalvadordali\/wp-content\/uploads\/usu363\/2018\/01\/IMG_1144.jpg\"><img loading=\"lazy\" decoding=\"async\" class=\"size-full wp-image-651 aligncenter\" src=\"http:\/\/agora.xtec.cat\/cfasalvadordali\/wp-content\/uploads\/usu363\/2018\/01\/IMG_1144.jpg\" alt=\"\" width=\"640\" height=\"424\" srcset=\"https:\/\/agora.xtec.cat\/cfasalvadordali\/wp-content\/uploads\/usu363\/2018\/01\/IMG_1144.jpg 640w, https:\/\/agora.xtec.cat\/cfasalvadordali\/wp-content\/uploads\/usu363\/2018\/01\/IMG_1144-300x199.jpg 300w\" sizes=\"auto, (max-width: 640px) 100vw, 640px\" \/><\/a> <a href=\"http:\/\/agora.xtec.cat\/cfasalvadordali\/wp-content\/uploads\/usu363\/2018\/01\/IMG_1110.jpg\"><img loading=\"lazy\" decoding=\"async\" class=\"size-full wp-image-652 aligncenter\" src=\"http:\/\/agora.xtec.cat\/cfasalvadordali\/wp-content\/uploads\/usu363\/2018\/01\/IMG_1110.jpg\" alt=\"\" width=\"640\" height=\"424\" srcset=\"https:\/\/agora.xtec.cat\/cfasalvadordali\/wp-content\/uploads\/usu363\/2018\/01\/IMG_1110.jpg 640w, https:\/\/agora.xtec.cat\/cfasalvadordali\/wp-content\/uploads\/usu363\/2018\/01\/IMG_1110-300x199.jpg 300w\" sizes=\"auto, (max-width: 640px) 100vw, 640px\" \/><\/a> <a href=\"http:\/\/agora.xtec.cat\/cfasalvadordali\/wp-content\/uploads\/usu363\/2018\/01\/IMG_1125.jpg\"><img loading=\"lazy\" decoding=\"async\" class=\"size-full wp-image-653 aligncenter\" src=\"http:\/\/agora.xtec.cat\/cfasalvadordali\/wp-content\/uploads\/usu363\/2018\/01\/IMG_1125.jpg\" alt=\"\" width=\"640\" height=\"424\" srcset=\"https:\/\/agora.xtec.cat\/cfasalvadordali\/wp-content\/uploads\/usu363\/2018\/01\/IMG_1125.jpg 640w, https:\/\/agora.xtec.cat\/cfasalvadordali\/wp-content\/uploads\/usu363\/2018\/01\/IMG_1125-300x199.jpg 300w\" sizes=\"auto, (max-width: 640px) 100vw, 640px\" \/><\/a> <a href=\"http:\/\/agora.xtec.cat\/cfasalvadordali\/wp-content\/uploads\/usu363\/2018\/01\/IMG_1135.jpg\"><img loading=\"lazy\" decoding=\"async\" class=\"size-full wp-image-654 aligncenter\" src=\"http:\/\/agora.xtec.cat\/cfasalvadordali\/wp-content\/uploads\/usu363\/2018\/01\/IMG_1135.jpg\" alt=\"\" width=\"640\" height=\"424\" srcset=\"https:\/\/agora.xtec.cat\/cfasalvadordali\/wp-content\/uploads\/usu363\/2018\/01\/IMG_1135.jpg 640w, https:\/\/agora.xtec.cat\/cfasalvadordali\/wp-content\/uploads\/usu363\/2018\/01\/IMG_1135-300x199.jpg 300w\" sizes=\"auto, (max-width: 640px) 100vw, 640px\" \/><\/a><\/p>\n","protected":false},"excerpt":{"rendered":"<p>Un curs m\u00e9s, a l\u2019escola hem gaudit de La Setmana de la Ci\u00e8ncia al llarg del mes de desembre. El fil conductor de l\u2019edici\u00f3 d\u2019enguany \u00e9s el turisme sostenible, amb motiu de la celebraci\u00f3 de l\u2019Any Internacional del Turisme Sostenible per al Desenvolupament, promogut per&hellip;  <a href=\"https:\/\/agora.xtec.cat\/cfasalvadordali\/general\/iii-setmana-de-la-ciencia\/\" title=\"Read III SETMANA DE LA CI\u00c8NCIA\">Llegeix m\u00e9s\u00bb<\/a><\/p>\n","protected":false},"author":1,"featured_media":652,"comment_status":"open","ping_status":"closed","sticky":false,"template":"","format":"standard","meta":{"_bbp_topic_count":0,"_bbp_reply_count":0,"_bbp_total_topic_count":0,"_bbp_total_reply_count":0,"_bbp_voice_count":0,"_bbp_anonymous_reply_count":0,"_bbp_topic_count_hidden":0,"_bbp_reply_count_hidden":0,"_bbp_forum_subforum_count":0,"footnotes":""},"categories":[96,1,29],"tags":[106,107,105],"class_list":["post-649","post","type-post","status-publish","format-standard","has-post-thumbnail","hentry","category-activitats-culturals","category-general","category-portada","tag-greenpeace","tag-iii","tag-setmana-ciencia"],"post_mailing_queue_ids":[],"_links":{"self":[{"href":"https:\/\/agora.xtec.cat\/cfasalvadordali\/wp-json\/wp\/v2\/posts\/649","targetHints":{"allow":["GET"]}}],"collection":[{"href":"https:\/\/agora.xtec.cat\/cfasalvadordali\/wp-json\/wp\/v2\/posts"}],"about":[{"href":"https:\/\/agora.xtec.cat\/cfasalvadordali\/wp-json\/wp\/v2\/types\/post"}],"author":[{"embeddable":true,"href":"https:\/\/agora.xtec.cat\/cfasalvadordali\/wp-json\/wp\/v2\/users\/1"}],"replies":[{"embeddable":true,"href":"https:\/\/agora.xtec.cat\/cfasalvadordali\/wp-json\/wp\/v2\/comments?post=649"}],"version-history":[{"count":3,"href":"https:\/\/agora.xtec.cat\/cfasalvadordali\/wp-json\/wp\/v2\/posts\/649\/revisions"}],"predecessor-version":[{"id":656,"href":"https:\/\/agora.xtec.cat\/cfasalvadordali\/wp-json\/wp\/v2\/posts\/649\/revisions\/656"}],"wp:featuredmedia":[{"embeddable":true,"href":"https:\/\/agora.xtec.cat\/cfasalvadordali\/wp-json\/wp\/v2\/media\/652"}],"wp:attachment":[{"href":"https:\/\/agora.xtec.cat\/cfasalvadordali\/wp-json\/wp\/v2\/media?parent=649"}],"wp:term":[{"taxonomy":"category","embeddable":true,"href":"https:\/\/agora.xtec.cat\/cfasalvadordali\/wp-json\/wp\/v2\/categories?post=649"},{"taxonomy":"post_tag","embeddable":true,"href":"https:\/\/agora.xtec.cat\/cfasalvadordali\/wp-json\/wp\/v2\/tags?post=649"}],"curies":[{"name":"wp","href":"https:\/\/api.w.org\/{rel}","templated":true}]}}