{"id":580,"date":"2017-03-14T11:59:48","date_gmt":"2017-03-14T10:59:48","guid":{"rendered":"http:\/\/agora.xtec.cat\/cfasalvadordali\/?p=580"},"modified":"2018-01-24T14:37:49","modified_gmt":"2018-01-24T13:37:49","slug":"dia-del-numero-pi","status":"publish","type":"post","link":"https:\/\/agora.xtec.cat\/cfasalvadordali\/geso\/ges2\/dia-del-numero-pi\/","title":{"rendered":"Dia del n\u00famero Pi"},"content":{"rendered":"<p>Al m\u00f3n anglosax\u00f3 s\u2019acostuma a escriure primer el n\u00famero del mes seguit del n\u00famero del dia. Aix\u00ed el 14 de mar\u00e7 s\u2019escriu 3,14, \u00e9s a dir, una aproximaci\u00f3 de \u03c0. D\u2019aqu\u00ed que, internacionalment, el 14 de mar\u00e7 de cada any es consideri el Dia de Pi.<\/p>\n<p>&nbsp;<\/p>\n<p><a href=\"http:\/\/agora.xtec.cat\/cfasalvadordali\/wp-content\/uploads\/usu363\/2017\/03\/Numero-PI.gif\"><img loading=\"lazy\" decoding=\"async\" class=\" wp-image-583 aligncenter\" src=\"http:\/\/agora.xtec.cat\/cfasalvadordali\/wp-content\/uploads\/usu363\/2017\/03\/Numero-PI.gif\" alt=\"numero-pi\" width=\"577\" height=\"183\" \/><\/a><\/p>\n<p>&nbsp;<\/p>\n<p>Una forma curiosa de celebrar el dia, \u00e9s crear Pi-Relats, aqu\u00ed teniu una mostra:<\/p>\n<p><strong>&#8220;S\u00f3c i ser\u00e9,<a href=\"http:\/\/agora.xtec.cat\/cfasalvadordali\/wp-content\/uploads\/usu363\/2017\/03\/PI.gif\"><img loading=\"lazy\" decoding=\"async\" class=\"size-full wp-image-582 alignright\" src=\"http:\/\/agora.xtec.cat\/cfasalvadordali\/wp-content\/uploads\/usu363\/2017\/03\/PI.gif\" alt=\"pi\" width=\"360\" height=\"360\" \/><\/a><\/strong><\/p>\n<p><strong>a llums nocturnes de febrer,<\/strong><\/p>\n<p><strong>caliu que \u00e0dhuc desitgen<\/strong><\/p>\n<p><strong>solitaris vagants;<\/strong><\/p>\n<p><strong>anhelants des de mai,<\/strong><\/p>\n<p><strong>duradors cors.&#8221;<\/strong><\/p>\n","protected":false},"excerpt":{"rendered":"<p>Al m\u00f3n anglosax\u00f3 s\u2019acostuma a escriure primer el n\u00famero del mes seguit del n\u00famero del dia. Aix\u00ed el 14 de mar\u00e7 s\u2019escriu 3,14, \u00e9s a dir, una aproximaci\u00f3 de \u03c0. D\u2019aqu\u00ed que, internacionalment, el 14 de mar\u00e7 de cada any es consideri el Dia de&hellip;  <a href=\"https:\/\/agora.xtec.cat\/cfasalvadordali\/geso\/ges2\/dia-del-numero-pi\/\" title=\"Read Dia del n\u00famero Pi\">Llegeix m\u00e9s\u00bb<\/a><\/p>\n","protected":false},"author":1,"featured_media":583,"comment_status":"open","ping_status":"closed","sticky":false,"template":"","format":"standard","meta":{"_bbp_topic_count":0,"_bbp_reply_count":0,"_bbp_total_topic_count":0,"_bbp_total_reply_count":0,"_bbp_voice_count":0,"_bbp_anonymous_reply_count":0,"_bbp_topic_count_hidden":0,"_bbp_reply_count_hidden":0,"_bbp_forum_subforum_count":0,"footnotes":""},"categories":[86],"tags":[],"class_list":["post-580","post","type-post","status-publish","format-standard","has-post-thumbnail","hentry","category-ges2"],"post_mailing_queue_ids":[],"_links":{"self":[{"href":"https:\/\/agora.xtec.cat\/cfasalvadordali\/wp-json\/wp\/v2\/posts\/580","targetHints":{"allow":["GET"]}}],"collection":[{"href":"https:\/\/agora.xtec.cat\/cfasalvadordali\/wp-json\/wp\/v2\/posts"}],"about":[{"href":"https:\/\/agora.xtec.cat\/cfasalvadordali\/wp-json\/wp\/v2\/types\/post"}],"author":[{"embeddable":true,"href":"https:\/\/agora.xtec.cat\/cfasalvadordali\/wp-json\/wp\/v2\/users\/1"}],"replies":[{"embeddable":true,"href":"https:\/\/agora.xtec.cat\/cfasalvadordali\/wp-json\/wp\/v2\/comments?post=580"}],"version-history":[{"count":3,"href":"https:\/\/agora.xtec.cat\/cfasalvadordali\/wp-json\/wp\/v2\/posts\/580\/revisions"}],"predecessor-version":[{"id":597,"href":"https:\/\/agora.xtec.cat\/cfasalvadordali\/wp-json\/wp\/v2\/posts\/580\/revisions\/597"}],"wp:featuredmedia":[{"embeddable":true,"href":"https:\/\/agora.xtec.cat\/cfasalvadordali\/wp-json\/wp\/v2\/media\/583"}],"wp:attachment":[{"href":"https:\/\/agora.xtec.cat\/cfasalvadordali\/wp-json\/wp\/v2\/media?parent=580"}],"wp:term":[{"taxonomy":"category","embeddable":true,"href":"https:\/\/agora.xtec.cat\/cfasalvadordali\/wp-json\/wp\/v2\/categories?post=580"},{"taxonomy":"post_tag","embeddable":true,"href":"https:\/\/agora.xtec.cat\/cfasalvadordali\/wp-json\/wp\/v2\/tags?post=580"}],"curies":[{"name":"wp","href":"https:\/\/api.w.org\/{rel}","templated":true}]}}