{"id":523,"date":"2017-02-16T17:07:28","date_gmt":"2017-02-16T16:07:28","guid":{"rendered":"http:\/\/agora.xtec.cat\/cfasalvadordali\/?p=523"},"modified":"2018-01-24T14:38:07","modified_gmt":"2018-01-24T13:38:07","slug":"per-un-mon-mes-huma","status":"publish","type":"post","link":"https:\/\/agora.xtec.cat\/cfasalvadordali\/portada\/per-un-mon-mes-huma\/","title":{"rendered":"PER UN M\u00d3N M\u00c9S HUM\u00c0"},"content":{"rendered":"<p>El dia 30 i 31 de gener vam celebrar a l&#8217;escola el dia de la Pau i la No Viol\u00e8ncia.<\/p>\n<p>Les activitats del dia 30 i 31 varen ser molt especials, i ens van ajudar a reflexionar sobre la import\u00e0ncia de conviure tots junts amb m\u00e9s empatia i harmonia.<\/p>\n\n\t\t<style type=\"text\/css\">\n\t\t\t#gallery-1 {\n\t\t\t\tmargin: auto;\n\t\t\t}\n\t\t\t#gallery-1 .gallery-item {\n\t\t\t\tfloat: left;\n\t\t\t\tmargin-top: 10px;\n\t\t\t\ttext-align: center;\n\t\t\t\twidth: 33%;\n\t\t\t}\n\t\t\t#gallery-1 img {\n\t\t\t\tborder: 2px solid #cfcfcf;\n\t\t\t}\n\t\t\t#gallery-1 .gallery-caption {\n\t\t\t\tmargin-left: 0;\n\t\t\t}\n\t\t\t\/* see gallery_shortcode() in wp-includes\/media.php *\/\n\t\t<\/style>\n\t\t<div id='gallery-1' class='gallery galleryid-523 gallery-columns-3 gallery-size-thumbnail'><dl class='gallery-item'>\n\t\t\t<dt class='gallery-icon landscape'>\n\t\t\t\t<a href='https:\/\/agora.xtec.cat\/cfasalvadordali\/portada\/per-un-mon-mes-huma\/attachment\/img_0862\/'><img loading=\"lazy\" decoding=\"async\" width=\"150\" height=\"150\" src=\"https:\/\/agora.xtec.cat\/cfasalvadordali\/wp-content\/uploads\/usu363\/2017\/02\/IMG_0862-150x150.jpg\" class=\"attachment-thumbnail size-thumbnail\" alt=\"\" \/><\/a>\n\t\t\t<\/dt><\/dl><dl class='gallery-item'>\n\t\t\t<dt class='gallery-icon landscape'>\n\t\t\t\t<a href='https:\/\/agora.xtec.cat\/cfasalvadordali\/portada\/per-un-mon-mes-huma\/attachment\/img_0864\/'><img loading=\"lazy\" decoding=\"async\" width=\"150\" height=\"150\" src=\"https:\/\/agora.xtec.cat\/cfasalvadordali\/wp-content\/uploads\/usu363\/2017\/02\/IMG_0864-150x150.jpg\" class=\"attachment-thumbnail size-thumbnail\" alt=\"\" \/><\/a>\n\t\t\t<\/dt><\/dl><dl class='gallery-item'>\n\t\t\t<dt class='gallery-icon landscape'>\n\t\t\t\t<a href='https:\/\/agora.xtec.cat\/cfasalvadordali\/portada\/per-un-mon-mes-huma\/attachment\/img_0870\/'><img loading=\"lazy\" decoding=\"async\" width=\"150\" height=\"150\" src=\"https:\/\/agora.xtec.cat\/cfasalvadordali\/wp-content\/uploads\/usu363\/2017\/02\/IMG_0870-150x150.jpg\" class=\"attachment-thumbnail size-thumbnail\" alt=\"\" \/><\/a>\n\t\t\t<\/dt><\/dl><br style=\"clear: both\" \/><dl class='gallery-item'>\n\t\t\t<dt class='gallery-icon landscape'>\n\t\t\t\t<a href='https:\/\/agora.xtec.cat\/cfasalvadordali\/portada\/per-un-mon-mes-huma\/attachment\/img_0872\/'><img loading=\"lazy\" decoding=\"async\" width=\"150\" height=\"150\" src=\"https:\/\/agora.xtec.cat\/cfasalvadordali\/wp-content\/uploads\/usu363\/2017\/02\/IMG_0872-150x150.jpg\" class=\"attachment-thumbnail size-thumbnail\" alt=\"\" \/><\/a>\n\t\t\t<\/dt><\/dl>\n\t\t\t<br style='clear: both' \/>\n\t\t<\/div>\n\n<p><a href=\"http:\/\/agora.xtec.cat\/cfasalvadordali\/wp-content\/uploads\/usu363\/2017\/02\/cartell-de-la-pau.pdf\" target=\"_blank\" rel=\"noopener noreferrer\">Programa activitats del Dia de la Pau.<\/a><\/p>\n","protected":false},"excerpt":{"rendered":"<p>El dia 30 i 31 de gener vam celebrar a l&#8217;escola el dia de la Pau i la No Viol\u00e8ncia.<br \/>\nLes activitats del dia 30 i 31 varen ser molt especials, i ens van ajudar a reflexionar sobre la import\u00e0ncia de conviure tots junts amb m\u00e9s&hellip;  <a href=\"https:\/\/agora.xtec.cat\/cfasalvadordali\/portada\/per-un-mon-mes-huma\/\" title=\"Read PER UN M\u00d3N M\u00c9S HUM\u00c0\">Llegeix m\u00e9s\u00bb<\/a><\/p>\n","protected":false},"author":1,"featured_media":529,"comment_status":"open","ping_status":"closed","sticky":false,"template":"","format":"standard","meta":{"_bbp_topic_count":0,"_bbp_reply_count":0,"_bbp_total_topic_count":0,"_bbp_total_reply_count":0,"_bbp_voice_count":0,"_bbp_anonymous_reply_count":0,"_bbp_topic_count_hidden":0,"_bbp_reply_count_hidden":0,"_bbp_forum_subforum_count":0,"footnotes":""},"categories":[96,29],"tags":[83,81,82],"class_list":["post-523","post","type-post","status-publish","format-standard","has-post-thumbnail","hentry","category-activitats-culturals","category-portada","tag-activitats-extraordinaries","tag-no-violencia","tag-pau"],"post_mailing_queue_ids":[],"_links":{"self":[{"href":"https:\/\/agora.xtec.cat\/cfasalvadordali\/wp-json\/wp\/v2\/posts\/523","targetHints":{"allow":["GET"]}}],"collection":[{"href":"https:\/\/agora.xtec.cat\/cfasalvadordali\/wp-json\/wp\/v2\/posts"}],"about":[{"href":"https:\/\/agora.xtec.cat\/cfasalvadordali\/wp-json\/wp\/v2\/types\/post"}],"author":[{"embeddable":true,"href":"https:\/\/agora.xtec.cat\/cfasalvadordali\/wp-json\/wp\/v2\/users\/1"}],"replies":[{"embeddable":true,"href":"https:\/\/agora.xtec.cat\/cfasalvadordali\/wp-json\/wp\/v2\/comments?post=523"}],"version-history":[{"count":3,"href":"https:\/\/agora.xtec.cat\/cfasalvadordali\/wp-json\/wp\/v2\/posts\/523\/revisions"}],"predecessor-version":[{"id":667,"href":"https:\/\/agora.xtec.cat\/cfasalvadordali\/wp-json\/wp\/v2\/posts\/523\/revisions\/667"}],"wp:featuredmedia":[{"embeddable":true,"href":"https:\/\/agora.xtec.cat\/cfasalvadordali\/wp-json\/wp\/v2\/media\/529"}],"wp:attachment":[{"href":"https:\/\/agora.xtec.cat\/cfasalvadordali\/wp-json\/wp\/v2\/media?parent=523"}],"wp:term":[{"taxonomy":"category","embeddable":true,"href":"https:\/\/agora.xtec.cat\/cfasalvadordali\/wp-json\/wp\/v2\/categories?post=523"},{"taxonomy":"post_tag","embeddable":true,"href":"https:\/\/agora.xtec.cat\/cfasalvadordali\/wp-json\/wp\/v2\/tags?post=523"}],"curies":[{"name":"wp","href":"https:\/\/api.w.org\/{rel}","templated":true}]}}