{"id":4591,"date":"2026-06-16T14:28:42","date_gmt":"2026-06-16T12:28:42","guid":{"rendered":"https:\/\/agora.xtec.cat\/cfasalvadordali\/?p=4591"},"modified":"2026-06-16T14:28:42","modified_gmt":"2026-06-16T12:28:42","slug":"els-centres-especials-de-treball-cet-el-nou-documental-de-dae-tv","status":"publish","type":"post","link":"https:\/\/agora.xtec.cat\/cfasalvadordali\/general\/els-centres-especials-de-treball-cet-el-nou-documental-de-dae-tv\/","title":{"rendered":"Els centres especials de treball (CET) &#8211; El nou documental de DAE TV"},"content":{"rendered":"<p><strong>L&#8217;alumnat de GESO 1 de l&#8217;aula del DAE ha finalitzat un projecte audiovisual en el qual ha investigat i documentat el funcionament dels Centres Especials de Treball (CET), una realitat laboral que ofereix oportunitats d&#8217;ocupaci\u00f3 a persones amb discapacitat i que t\u00e9 un paper molt important en la construcci\u00f3 d&#8217;una societat m\u00e9s inclusiva.<\/strong><\/p>\n<p>Durant diverses setmanes, els alumnes han treballat en totes les fases de producci\u00f3 del documental: la recerca d&#8217;informaci\u00f3, l&#8217;elaboraci\u00f3 del gui\u00f3, la preparaci\u00f3 de les entrevistes, la gravaci\u00f3 d&#8217;imatges i l&#8217;edici\u00f3 final del v\u00eddeo.\u00a0El documental explica qu\u00e8 s\u00f3n els Centres Especials de Treball, quina \u00e9s la seva funci\u00f3, quins perfils professionals hi treballen i quina import\u00e0ncia tenen per garantir la igualtat d&#8217;oportunitats. A m\u00e9s, incorpora testimonis i reflexions que ajuden a comprendre millor la tasca que duen a terme aquestes entitats.<\/p>\n<p>Us convidem a veure el documental i a descobrir la important feina que realitzen els Centres Especials de Treball, aix\u00ed com l&#8217;esfor\u00e7 i la dedicaci\u00f3 que l&#8217;alumnat ha posat en aquest projecte.<\/p>\n<p>\u2b07\ufe0f\u200b Podeu veure el v\u00eddeo a continuaci\u00f3. \u2b07\ufe0f\u200b<\/p>\n<p>&nbsp;<\/p>\n<p><code><iframe loading=\"lazy\" title=\"DAETV ElsCET Pixelat\" src=\"https:\/\/www.youtube.com\/embed\/xaa5kC58gLs\" width=\"1349\" height=\"759\" frameborder=\"0\" allowfullscreen=\"allowfullscreen\"><\/iframe><\/code><\/p>\n","protected":false},"excerpt":{"rendered":"<p>L&#8217;alumnat de GESO 1 de l&#8217;aula del DAE ha finalitzat un projecte audiovisual en el qual ha investigat i documentat el funcionament dels Centres Especials de Treball (CET), una realitat laboral que ofereix oportunitats d&#8217;ocupaci\u00f3 a persones amb discapacitat i que t\u00e9 un paper molt important en la construcci\u00f3 d&#8217;una societat m\u00e9s inclusiva.&hellip;  <a href=\"https:\/\/agora.xtec.cat\/cfasalvadordali\/general\/els-centres-especials-de-treball-cet-el-nou-documental-de-dae-tv\/\" title=\"Read Els centres especials de treball (CET) &#8211; El nou documental de DAE TV\">Llegeix m\u00e9s\u00bb<\/a><\/p>\n","protected":false},"author":1,"featured_media":4594,"comment_status":"open","ping_status":"open","sticky":true,"template":"","format":"standard","meta":{"_bbp_topic_count":0,"_bbp_reply_count":0,"_bbp_total_topic_count":0,"_bbp_total_reply_count":0,"_bbp_voice_count":0,"_bbp_anonymous_reply_count":0,"_bbp_topic_count_hidden":0,"_bbp_reply_count_hidden":0,"_bbp_forum_subforum_count":0,"footnotes":""},"categories":[1,84,85,29],"tags":[237,236,233,235,234],"class_list":["post-4591","post","type-post","status-publish","format-standard","has-post-thumbnail","hentry","category-general","category-ges1","category-geso","category-portada","tag-centre-especial-de-treball","tag-cet","tag-dae","tag-documental","tag-tv"],"post_mailing_queue_ids":[],"_links":{"self":[{"href":"https:\/\/agora.xtec.cat\/cfasalvadordali\/wp-json\/wp\/v2\/posts\/4591","targetHints":{"allow":["GET"]}}],"collection":[{"href":"https:\/\/agora.xtec.cat\/cfasalvadordali\/wp-json\/wp\/v2\/posts"}],"about":[{"href":"https:\/\/agora.xtec.cat\/cfasalvadordali\/wp-json\/wp\/v2\/types\/post"}],"author":[{"embeddable":true,"href":"https:\/\/agora.xtec.cat\/cfasalvadordali\/wp-json\/wp\/v2\/users\/1"}],"replies":[{"embeddable":true,"href":"https:\/\/agora.xtec.cat\/cfasalvadordali\/wp-json\/wp\/v2\/comments?post=4591"}],"version-history":[{"count":2,"href":"https:\/\/agora.xtec.cat\/cfasalvadordali\/wp-json\/wp\/v2\/posts\/4591\/revisions"}],"predecessor-version":[{"id":4593,"href":"https:\/\/agora.xtec.cat\/cfasalvadordali\/wp-json\/wp\/v2\/posts\/4591\/revisions\/4593"}],"wp:featuredmedia":[{"embeddable":true,"href":"https:\/\/agora.xtec.cat\/cfasalvadordali\/wp-json\/wp\/v2\/media\/4594"}],"wp:attachment":[{"href":"https:\/\/agora.xtec.cat\/cfasalvadordali\/wp-json\/wp\/v2\/media?parent=4591"}],"wp:term":[{"taxonomy":"category","embeddable":true,"href":"https:\/\/agora.xtec.cat\/cfasalvadordali\/wp-json\/wp\/v2\/categories?post=4591"},{"taxonomy":"post_tag","embeddable":true,"href":"https:\/\/agora.xtec.cat\/cfasalvadordali\/wp-json\/wp\/v2\/tags?post=4591"}],"curies":[{"name":"wp","href":"https:\/\/api.w.org\/{rel}","templated":true}]}}