{"id":4427,"date":"2026-04-28T16:08:05","date_gmt":"2026-04-28T14:08:05","guid":{"rendered":"https:\/\/agora.xtec.cat\/cfasalvadordali\/?p=4427"},"modified":"2026-04-28T16:08:51","modified_gmt":"2026-04-28T14:08:51","slug":"quan-les-roses-parlen-sant-jordi-al-cfa-salvador-dali","status":"publish","type":"post","link":"https:\/\/agora.xtec.cat\/cfasalvadordali\/portada\/quan-les-roses-parlen-sant-jordi-al-cfa-salvador-dali\/","title":{"rendered":"Quan les roses parlen: Sant Jordi al CFA Salvador Dal\u00ed"},"content":{"rendered":"<p align=\"justify\"><span style=\"font-family: Times New Roman, serif;\"><span style=\"font-size: medium;\"><span style=\"font-family: Arial, serif;\">Amb motiu de la diada de Sant Jordi, l\u2019escola CFA Salvador Dal\u00ed ha tornat a omplir els seus espais de paraules, colors i emocions compartides. Enguany, la celebraci\u00f3 ha pres forma d\u2019un delicat jard\u00ed de roses, teixit amb la participaci\u00f3 de tot l\u2019alumnat dels diversos ensenyaments del centre.<\/span><\/span><\/span><\/p>\n<p align=\"justify\"><span style=\"font-family: Times New Roman, serif;\"><span style=\"font-size: medium;\"><span style=\"font-family: Arial, serif;\">Cada rosa, \u00fanica i plena de significat, ha estat acompanyada de missatges que bateguen entre la literatura i l\u2019amor: fragments de pensaments, versos improvisats i paraules que neixen del cor. <\/span><\/span><\/span><\/p>\n<p align=\"justify\"><span style=\"font-family: Times New Roman, serif;\"><span style=\"font-size: medium;\"><span style=\"font-family: Arial, serif;\">Aquest mosaic de roses i paraules simbolitza no nom\u00e9s la celebraci\u00f3 d\u2019una tradici\u00f3 arrelada, sin\u00f3 tamb\u00e9 l\u2019esperit de comunitat i creativitat que defineix el centre. En cada p\u00e8tal hi descansa una idea, en cada missatge una emoci\u00f3, i en el conjunt, una mostra sincera de com la literatura i l\u2019amor continuen trobant camins per cr\u00e9ixer plegats.<\/span><\/span><\/span><\/p>\n<p align=\"justify\"><a href=\"https:\/\/agora.xtec.cat\/cfasalvadordali\/wp-content\/uploads\/usu363\/2026\/04\/ROSES-scaled.jpg\"><img loading=\"lazy\" decoding=\"async\" class=\"aligncenter size-full wp-image-4428\" src=\"https:\/\/agora.xtec.cat\/cfasalvadordali\/wp-content\/uploads\/usu363\/2026\/04\/ROSES-scaled.jpg\" alt=\"\" width=\"2560\" height=\"1118\" srcset=\"https:\/\/agora.xtec.cat\/cfasalvadordali\/wp-content\/uploads\/usu363\/2026\/04\/ROSES-scaled.jpg 2560w, https:\/\/agora.xtec.cat\/cfasalvadordali\/wp-content\/uploads\/usu363\/2026\/04\/ROSES-300x131.jpg 300w, https:\/\/agora.xtec.cat\/cfasalvadordali\/wp-content\/uploads\/usu363\/2026\/04\/ROSES-1024x447.jpg 1024w, https:\/\/agora.xtec.cat\/cfasalvadordali\/wp-content\/uploads\/usu363\/2026\/04\/ROSES-768x335.jpg 768w, https:\/\/agora.xtec.cat\/cfasalvadordali\/wp-content\/uploads\/usu363\/2026\/04\/ROSES-1536x671.jpg 1536w, https:\/\/agora.xtec.cat\/cfasalvadordali\/wp-content\/uploads\/usu363\/2026\/04\/ROSES-2048x894.jpg 2048w\" sizes=\"auto, (max-width: 2560px) 100vw, 2560px\" \/><\/a><\/p>\n","protected":false},"excerpt":{"rendered":"<p>Amb motiu de la diada de Sant Jordi, l\u2019escola CFA Salvador Dal\u00ed ha tornat a omplir els seus espais de paraules, colors i emocions compartides. Enguany, la celebraci\u00f3 ha pres forma d\u2019un delicat jard\u00ed de roses, teixit amb la participaci\u00f3 de tot l\u2019alumnat dels diversos&hellip;  <a href=\"https:\/\/agora.xtec.cat\/cfasalvadordali\/portada\/quan-les-roses-parlen-sant-jordi-al-cfa-salvador-dali\/\" title=\"Read Quan les roses parlen: Sant Jordi al CFA Salvador Dal\u00ed\">Llegeix m\u00e9s\u00bb<\/a><\/p>\n","protected":false},"author":54,"featured_media":4428,"comment_status":"open","ping_status":"open","sticky":true,"template":"","format":"standard","meta":{"_bbp_topic_count":0,"_bbp_reply_count":0,"_bbp_total_topic_count":0,"_bbp_total_reply_count":0,"_bbp_voice_count":0,"_bbp_anonymous_reply_count":0,"_bbp_topic_count_hidden":0,"_bbp_reply_count_hidden":0,"_bbp_forum_subforum_count":0,"footnotes":""},"categories":[29],"tags":[],"class_list":["post-4427","post","type-post","status-publish","format-standard","has-post-thumbnail","hentry","category-portada"],"post_mailing_queue_ids":[],"_links":{"self":[{"href":"https:\/\/agora.xtec.cat\/cfasalvadordali\/wp-json\/wp\/v2\/posts\/4427","targetHints":{"allow":["GET"]}}],"collection":[{"href":"https:\/\/agora.xtec.cat\/cfasalvadordali\/wp-json\/wp\/v2\/posts"}],"about":[{"href":"https:\/\/agora.xtec.cat\/cfasalvadordali\/wp-json\/wp\/v2\/types\/post"}],"author":[{"embeddable":true,"href":"https:\/\/agora.xtec.cat\/cfasalvadordali\/wp-json\/wp\/v2\/users\/54"}],"replies":[{"embeddable":true,"href":"https:\/\/agora.xtec.cat\/cfasalvadordali\/wp-json\/wp\/v2\/comments?post=4427"}],"version-history":[{"count":1,"href":"https:\/\/agora.xtec.cat\/cfasalvadordali\/wp-json\/wp\/v2\/posts\/4427\/revisions"}],"predecessor-version":[{"id":4429,"href":"https:\/\/agora.xtec.cat\/cfasalvadordali\/wp-json\/wp\/v2\/posts\/4427\/revisions\/4429"}],"wp:featuredmedia":[{"embeddable":true,"href":"https:\/\/agora.xtec.cat\/cfasalvadordali\/wp-json\/wp\/v2\/media\/4428"}],"wp:attachment":[{"href":"https:\/\/agora.xtec.cat\/cfasalvadordali\/wp-json\/wp\/v2\/media?parent=4427"}],"wp:term":[{"taxonomy":"category","embeddable":true,"href":"https:\/\/agora.xtec.cat\/cfasalvadordali\/wp-json\/wp\/v2\/categories?post=4427"},{"taxonomy":"post_tag","embeddable":true,"href":"https:\/\/agora.xtec.cat\/cfasalvadordali\/wp-json\/wp\/v2\/tags?post=4427"}],"curies":[{"name":"wp","href":"https:\/\/api.w.org\/{rel}","templated":true}]}}