{"id":4421,"date":"2026-04-28T08:47:22","date_gmt":"2026-04-28T06:47:22","guid":{"rendered":"https:\/\/agora.xtec.cat\/cfasalvadordali\/?p=4421"},"modified":"2026-04-28T08:53:04","modified_gmt":"2026-04-28T06:53:04","slug":"els-dimarts-sumen-13","status":"publish","type":"post","link":"https:\/\/agora.xtec.cat\/cfasalvadordali\/portada\/els-dimarts-sumen-13\/","title":{"rendered":"Els dimarts sumen!"},"content":{"rendered":"<p>Quan es parla de l\u2019Est\u00e0tua de la Llibertat, la imatge que sovint ens ve al cap \u00e9s la de Nova York. Per\u00f2 aquesta icona compta amb r\u00e8pliques arreu del m\u00f3n, i una d\u2019elles es troba a Barcelona. La versi\u00f3 barcelonina est\u00e0 situada a l\u2019interior de la Biblioteca P\u00fablica Ar\u00fas, al Passeig de Sant Joan.\u00a0 Present des de fa m\u00e9s d\u2019un segle, es tracta d\u2019una escultura de dimensions redu\u00efdes que destaca m\u00e9s pel seu valor simb\u00f2lic que no pas per la seva mida. Tanmateix, incorpora un element propi que la diferencia: a la tauleta no hi figura la data de la independ\u00e8ncia dels Estats Units, sin\u00f3 la inscripci\u00f3 \u201cAlma Libertas\u201d; llibertat de l\u2019\u00e0nima. Aquest detall s\u2019inscriu en el context de la biblioteca, un espai vinculat al coneixement i al pensament lliure. D\u2019aquesta manera, l\u2019escultura adquireix ple sentit dins del seu entorn i posa de manifest el paper del saber com a base de la formaci\u00f3 i el desenvolupament personal.<\/p>\n<p>&nbsp;<\/p>\n<p><a href=\"https:\/\/beteve.cat\/va-passar-aqui\/va-passar-aqui-una-estatua-de-la-llibertat-amagada-en-una-biblioteca\/\" target=\"_blank\" rel=\"noopener\"><img loading=\"lazy\" decoding=\"async\" class=\"\" src=\"https:\/\/upload.wikimedia.org\/wikipedia\/commons\/6\/66\/052_Biblioteca_P%C3%BAblica_Ar%C3%BAs%2C_pg._de_Sant_Joan_26_%28Barcelona%29%2C_est%C3%A0tua_de_la_Llibertat.jpg\" alt=\"Fitxer:052 Biblioteca P\u00fablica Ar\u00fas, pg. de Sant Joan 26 (Barcelona), est\u00e0tua  de la Llibertat.jpg - Viquip\u00e8dia, l'enciclop\u00e8dia lliure\" width=\"398\" height=\"531\" \/>\u00a0<\/a><\/p>\n<p><a href=\"https:\/\/www.statueoflibertytour.com\/blog\/statue-of-liberty-meaning-what-she-stands-for\/\" target=\"_blank\" rel=\"noopener\"><img loading=\"lazy\" decoding=\"async\" class=\"\" src=\"https:\/\/www.statueoflibertytour.com\/wp-content\/uploads\/2022\/02\/Statue-of-Liberty-768x1024.jpg\" alt=\"Sculpting the Statue of Liberty\" width=\"400\" height=\"533\" \/><\/a><\/p>\n","protected":false},"excerpt":{"rendered":"<p>Quan es parla de l\u2019Est\u00e0tua de la Llibertat, la imatge que sovint ens ve al cap \u00e9s la de Nova York. Per\u00f2 aquesta icona compta amb r\u00e8pliques arreu del m\u00f3n, i una d\u2019elles es troba a Barcelona. La versi\u00f3 barcelonina est\u00e0 situada a l\u2019interior de&hellip;  <a href=\"https:\/\/agora.xtec.cat\/cfasalvadordali\/portada\/els-dimarts-sumen-13\/\" title=\"Read Els dimarts sumen!\">Llegeix m\u00e9s\u00bb<\/a><\/p>\n","protected":false},"author":1,"featured_media":4422,"comment_status":"open","ping_status":"open","sticky":true,"template":"","format":"standard","meta":{"_bbp_topic_count":0,"_bbp_reply_count":0,"_bbp_total_topic_count":0,"_bbp_total_reply_count":0,"_bbp_voice_count":0,"_bbp_anonymous_reply_count":0,"_bbp_topic_count_hidden":0,"_bbp_reply_count_hidden":0,"_bbp_forum_subforum_count":0,"footnotes":""},"categories":[227,29],"tags":[],"class_list":["post-4421","post","type-post","status-publish","format-standard","has-post-thumbnail","hentry","category-els-dimarts-sumen","category-portada"],"post_mailing_queue_ids":[],"_links":{"self":[{"href":"https:\/\/agora.xtec.cat\/cfasalvadordali\/wp-json\/wp\/v2\/posts\/4421","targetHints":{"allow":["GET"]}}],"collection":[{"href":"https:\/\/agora.xtec.cat\/cfasalvadordali\/wp-json\/wp\/v2\/posts"}],"about":[{"href":"https:\/\/agora.xtec.cat\/cfasalvadordali\/wp-json\/wp\/v2\/types\/post"}],"author":[{"embeddable":true,"href":"https:\/\/agora.xtec.cat\/cfasalvadordali\/wp-json\/wp\/v2\/users\/1"}],"replies":[{"embeddable":true,"href":"https:\/\/agora.xtec.cat\/cfasalvadordali\/wp-json\/wp\/v2\/comments?post=4421"}],"version-history":[{"count":4,"href":"https:\/\/agora.xtec.cat\/cfasalvadordali\/wp-json\/wp\/v2\/posts\/4421\/revisions"}],"predecessor-version":[{"id":4426,"href":"https:\/\/agora.xtec.cat\/cfasalvadordali\/wp-json\/wp\/v2\/posts\/4421\/revisions\/4426"}],"wp:featuredmedia":[{"embeddable":true,"href":"https:\/\/agora.xtec.cat\/cfasalvadordali\/wp-json\/wp\/v2\/media\/4422"}],"wp:attachment":[{"href":"https:\/\/agora.xtec.cat\/cfasalvadordali\/wp-json\/wp\/v2\/media?parent=4421"}],"wp:term":[{"taxonomy":"category","embeddable":true,"href":"https:\/\/agora.xtec.cat\/cfasalvadordali\/wp-json\/wp\/v2\/categories?post=4421"},{"taxonomy":"post_tag","embeddable":true,"href":"https:\/\/agora.xtec.cat\/cfasalvadordali\/wp-json\/wp\/v2\/tags?post=4421"}],"curies":[{"name":"wp","href":"https:\/\/api.w.org\/{rel}","templated":true}]}}