{"id":4406,"date":"2026-04-23T19:59:28","date_gmt":"2026-04-23T17:59:28","guid":{"rendered":"https:\/\/agora.xtec.cat\/cfasalvadordali\/?p=4406"},"modified":"2026-04-23T20:01:11","modified_gmt":"2026-04-23T18:01:11","slug":"jo-sense-tu-el-gust-per-la-lectura","status":"publish","type":"post","link":"https:\/\/agora.xtec.cat\/cfasalvadordali\/portada\/jo-sense-tu-el-gust-per-la-lectura\/","title":{"rendered":"&#8220;Jo sense tu&#8221; (El gust per la lectura)"},"content":{"rendered":"<p>Com ja ha succe\u00eft durant els \u00faltims cursos acad\u00e8mics, la nostra escola es presenta novament al Concurs El gust per la lectura, organitzat pel Departament d&#8217;Educaci\u00f3 i Formaci\u00f3 Professional de la Generalitat de Catalunya.\u00a0En aquesta XXXI edici\u00f3, l&#8217;alumnat de GESO 2 ha llegit i treballat a l&#8217;aula una antologia po\u00e8tica: &#8220;Tu i jo. Trenta-dues maneres de dir-ho&#8221;, que recull versos de diferents poetes i poetesses com Clementina Arderiu, Gerard Verg\u00e9s o Walt Whitman.<\/p>\n<p>Enguany, l&#8217;alumnat ha realitzat diferents propostes, totes elles molt especials i amb car\u00e0cter propi, en qu\u00e8 ha relacionat de forma natural i org\u00e0nica els versos de l&#8217;obra amb creacions liter\u00e0ries d&#8217;elaboraci\u00f3 pr\u00f2pia.<\/p>\n<ul style=\"list-style-type: square;\">\n<li>T\u00edtol del treball: Jo sense tu<\/li>\n<li>T\u00edtol del llibre llegit: Tu i jo. Trenta-dues maneres de dir-ho. Tria de Jaume Subirana. Columna, 2023 (2a ed.)<\/li>\n<li>Categoria: F (Alumnat d\u2019educaci\u00f3 d\u2019adults)<\/li>\n<li>Alumnes: Alexander, Bryan, Heiner i Sebasti\u00e1n<\/li>\n<\/ul>\n<p><a href=\"https:\/\/drive.google.com\/file\/d\/1WitjWgpGi7-rSii-m16Eoo_zt4ns5uGL\/view?usp=sharing\" target=\"_blank\" rel=\"noopener\">Descarrega l&#8217;arxiu aqu\u00ed. F. Jo sense tu<\/a><\/p>\n<p><a href=\"https:\/\/drive.google.com\/file\/d\/1WitjWgpGi7-rSii-m16Eoo_zt4ns5uGL\/view?usp=sharing\" target=\"_blank\" rel=\"noopener\"><img loading=\"lazy\" decoding=\"async\" class=\"size-full wp-image-4407 aligncenter\" src=\"https:\/\/agora.xtec.cat\/cfasalvadordali\/wp-content\/uploads\/usu363\/2026\/04\/josensetu.jpg\" alt=\"\" width=\"515\" height=\"717\" srcset=\"https:\/\/agora.xtec.cat\/cfasalvadordali\/wp-content\/uploads\/usu363\/2026\/04\/josensetu.jpg 515w, https:\/\/agora.xtec.cat\/cfasalvadordali\/wp-content\/uploads\/usu363\/2026\/04\/josensetu-215x300.jpg 215w\" sizes=\"auto, (max-width: 515px) 100vw, 515px\" \/><\/a><\/p>\n","protected":false},"excerpt":{"rendered":"<p>Com ja ha succe\u00eft durant els \u00faltims cursos acad\u00e8mics, la nostra escola es presenta novament al Concurs El gust per la lectura, organitzat pel Departament d&#8217;Educaci\u00f3 i Formaci\u00f3 Professional de la Generalitat de Catalunya.\u00a0En aquesta XXXI edici\u00f3, l&#8217;alumnat de GESO 2 ha llegit i treballat a l&#8217;aula una antologia po\u00e8tica: &#8220;Tu i jo. Trenta-dues maneres de dir-ho&#8221;, que recull versos de diferents poetes i poetesses com Clementina Arderiu, Gerard Verg\u00e9s o Walt Whitman.&hellip;  <a href=\"https:\/\/agora.xtec.cat\/cfasalvadordali\/portada\/jo-sense-tu-el-gust-per-la-lectura\/\" title=\"Read &#8220;Jo sense tu&#8221; (El gust per la lectura)\">Llegeix m\u00e9s\u00bb<\/a><\/p>\n","protected":false},"author":1,"featured_media":4407,"comment_status":"open","ping_status":"open","sticky":true,"template":"","format":"standard","meta":{"_bbp_topic_count":0,"_bbp_reply_count":0,"_bbp_total_topic_count":0,"_bbp_total_reply_count":0,"_bbp_voice_count":0,"_bbp_anonymous_reply_count":0,"_bbp_topic_count_hidden":0,"_bbp_reply_count_hidden":0,"_bbp_forum_subforum_count":0,"footnotes":""},"categories":[86,29],"tags":[],"class_list":["post-4406","post","type-post","status-publish","format-standard","has-post-thumbnail","hentry","category-ges2","category-portada"],"post_mailing_queue_ids":[],"_links":{"self":[{"href":"https:\/\/agora.xtec.cat\/cfasalvadordali\/wp-json\/wp\/v2\/posts\/4406","targetHints":{"allow":["GET"]}}],"collection":[{"href":"https:\/\/agora.xtec.cat\/cfasalvadordali\/wp-json\/wp\/v2\/posts"}],"about":[{"href":"https:\/\/agora.xtec.cat\/cfasalvadordali\/wp-json\/wp\/v2\/types\/post"}],"author":[{"embeddable":true,"href":"https:\/\/agora.xtec.cat\/cfasalvadordali\/wp-json\/wp\/v2\/users\/1"}],"replies":[{"embeddable":true,"href":"https:\/\/agora.xtec.cat\/cfasalvadordali\/wp-json\/wp\/v2\/comments?post=4406"}],"version-history":[{"count":1,"href":"https:\/\/agora.xtec.cat\/cfasalvadordali\/wp-json\/wp\/v2\/posts\/4406\/revisions"}],"predecessor-version":[{"id":4408,"href":"https:\/\/agora.xtec.cat\/cfasalvadordali\/wp-json\/wp\/v2\/posts\/4406\/revisions\/4408"}],"wp:featuredmedia":[{"embeddable":true,"href":"https:\/\/agora.xtec.cat\/cfasalvadordali\/wp-json\/wp\/v2\/media\/4407"}],"wp:attachment":[{"href":"https:\/\/agora.xtec.cat\/cfasalvadordali\/wp-json\/wp\/v2\/media?parent=4406"}],"wp:term":[{"taxonomy":"category","embeddable":true,"href":"https:\/\/agora.xtec.cat\/cfasalvadordali\/wp-json\/wp\/v2\/categories?post=4406"},{"taxonomy":"post_tag","embeddable":true,"href":"https:\/\/agora.xtec.cat\/cfasalvadordali\/wp-json\/wp\/v2\/tags?post=4406"}],"curies":[{"name":"wp","href":"https:\/\/api.w.org\/{rel}","templated":true}]}}