{"id":440,"date":"2015-09-10T09:57:46","date_gmt":"2015-09-10T08:57:46","guid":{"rendered":"http:\/\/agora.xtec.cat\/cfasalvadordali\/?p=440"},"modified":"2018-01-24T14:39:45","modified_gmt":"2018-01-24T13:39:45","slug":"presentacio-de-la-inaguracio-del-curs-2015-2016","status":"publish","type":"post","link":"https:\/\/agora.xtec.cat\/cfasalvadordali\/activitats-culturals\/presentacio-de-la-inaguracio-del-curs-2015-2016\/","title":{"rendered":"Inauguraci\u00f3 del Curs 2015-2016"},"content":{"rendered":"<p class=\"notranscripcio\"><img loading=\"lazy\" decoding=\"async\" class=\"alignnone\" src=\"http:\/\/www.xtec.cat\/alfresco\/d\/d\/workspace\/SpacesStore\/31d011f1-adea-4b07-9e6a-54f47ad69f5d\/camiescola_g.JPG\" alt=\"\" width=\"787\" height=\"207\" \/><\/p>\n<p class=\"notranscripcio\" style=\"text-align: justify;\">El documental\u00a0&#8216;Cam\u00ed a l&#8217;escola&#8217;, del director franc\u00e8s Pascal Plisson, relata la hist\u00f2ria de quatre nens de diferents pa\u00efsos del m\u00f3n que, tot i les dificultats que tenen per anar a l&#8217;escola, lluiten per tenir una educaci\u00f3 que els permeti tenir m\u00e9s oportunitats en la vida.<\/p>\n<p style=\"text-align: justify;\">La <strong>Zahira <\/strong>viu a l\u2019Alt Atles, al Marroc, i <strong>tarda quatre hores\u00a0a cobrir els 22 quil\u00f2metres que la separen de l\u2019escola<\/strong>. El <strong>Carlitos <\/strong>viu a la Patag\u00f2nia argentina i tarda una hora i mitja\u00a0a arribar al centre escolar i <strong>fa el trajecte a cavall amb la seva germana<\/strong>. S\u00f3n dos exemples dels quatre casos que explica el<strong>documental \u2018Cam\u00ed a l\u2019escola\u2019<\/strong>. El director franc\u00e8s Pascal Plisson els ha seguit en el seu trajecte fins a l\u2019escola per comprovar com de diferent \u00e9s per a ells l\u2019acc\u00e9s a l\u2019educaci\u00f3. Una situaci\u00f3 que contrasta amb la dels nens d\u2019occident, que, en general, tenen totes les facilitats per educar-se. El documental remarca la for\u00e7a de voluntat d\u2019aquests nens, que tot i ser joves ja s\u00f3n conscients de la import\u00e0ncia de formar-se.<\/p>\n<p style=\"text-align: justify;\">El documental va rebre un <strong>premi C\u00e8sar al millor documental<\/strong> i a Fran\u00e7a ja l\u2019han vist m\u00e9s d\u2019un mili\u00f3 i mig d\u2019espectadors. A m\u00e9s del documental, tamb\u00e9 s\u2019ha publicat un llibre. Amb el mateix t\u00edtol, relata els\u00a0quatre casos que surten en el reportatge audiovisual i dos m\u00e9s.<\/p>\n<p><iframe loading=\"lazy\" title=\"Tr\u00e1iler oficial del film &quot;Camino a la Escuela&quot; de Pascal Plisson con subt\u00edtulos en espa\u00f1ol\" width=\"500\" height=\"281\" src=\"https:\/\/www.youtube.com\/embed\/ID5jf0HbCI0?feature=oembed\" frameborder=\"0\" allow=\"accelerometer; autoplay; clipboard-write; encrypted-media; gyroscope; picture-in-picture; web-share\" referrerpolicy=\"strict-origin-when-cross-origin\" allowfullscreen><\/iframe><\/p>\n","protected":false},"excerpt":{"rendered":"<p>El documental\u00a0&#8216;Cam\u00ed a l&#8217;escola&#8217;, del director franc\u00e8s Pascal Plisson, relata la hist\u00f2ria de quatre nens de diferents pa\u00efsos del m\u00f3n que, tot i les dificultats que tenen per anar a l&#8217;escola, lluiten per tenir una educaci\u00f3 que els permeti tenir m\u00e9s oportunitats en la vida.<br \/>\nLa&hellip;  <a href=\"https:\/\/agora.xtec.cat\/cfasalvadordali\/activitats-culturals\/presentacio-de-la-inaguracio-del-curs-2015-2016\/\" title=\"Read Inauguraci\u00f3 del Curs 2015-2016\">Llegeix m\u00e9s\u00bb<\/a><\/p>\n","protected":false},"author":1,"featured_media":0,"comment_status":"open","ping_status":"closed","sticky":false,"template":"","format":"standard","meta":{"_bbp_topic_count":0,"_bbp_reply_count":0,"_bbp_total_topic_count":0,"_bbp_total_reply_count":0,"_bbp_voice_count":0,"_bbp_anonymous_reply_count":0,"_bbp_topic_count_hidden":0,"_bbp_reply_count_hidden":0,"_bbp_forum_subforum_count":0,"footnotes":""},"categories":[96],"tags":[56],"class_list":["post-440","post","type-post","status-publish","format-standard","hentry","category-activitats-culturals","tag-coordinador-tic"],"post_mailing_queue_ids":[],"_links":{"self":[{"href":"https:\/\/agora.xtec.cat\/cfasalvadordali\/wp-json\/wp\/v2\/posts\/440","targetHints":{"allow":["GET"]}}],"collection":[{"href":"https:\/\/agora.xtec.cat\/cfasalvadordali\/wp-json\/wp\/v2\/posts"}],"about":[{"href":"https:\/\/agora.xtec.cat\/cfasalvadordali\/wp-json\/wp\/v2\/types\/post"}],"author":[{"embeddable":true,"href":"https:\/\/agora.xtec.cat\/cfasalvadordali\/wp-json\/wp\/v2\/users\/1"}],"replies":[{"embeddable":true,"href":"https:\/\/agora.xtec.cat\/cfasalvadordali\/wp-json\/wp\/v2\/comments?post=440"}],"version-history":[{"count":4,"href":"https:\/\/agora.xtec.cat\/cfasalvadordali\/wp-json\/wp\/v2\/posts\/440\/revisions"}],"predecessor-version":[{"id":451,"href":"https:\/\/agora.xtec.cat\/cfasalvadordali\/wp-json\/wp\/v2\/posts\/440\/revisions\/451"}],"wp:attachment":[{"href":"https:\/\/agora.xtec.cat\/cfasalvadordali\/wp-json\/wp\/v2\/media?parent=440"}],"wp:term":[{"taxonomy":"category","embeddable":true,"href":"https:\/\/agora.xtec.cat\/cfasalvadordali\/wp-json\/wp\/v2\/categories?post=440"},{"taxonomy":"post_tag","embeddable":true,"href":"https:\/\/agora.xtec.cat\/cfasalvadordali\/wp-json\/wp\/v2\/tags?post=440"}],"curies":[{"name":"wp","href":"https:\/\/api.w.org\/{rel}","templated":true}]}}