{"id":4397,"date":"2026-04-22T16:25:47","date_gmt":"2026-04-22T14:25:47","guid":{"rendered":"https:\/\/agora.xtec.cat\/cfasalvadordali\/?p=4397"},"modified":"2026-04-22T16:25:47","modified_gmt":"2026-04-22T14:25:47","slug":"intercanvi-amb-lescola-alarona-una-experiencia-inoblidable","status":"publish","type":"post","link":"https:\/\/agora.xtec.cat\/cfasalvadordali\/general\/intercanvi-amb-lescola-alarona-una-experiencia-inoblidable\/","title":{"rendered":"Intercanvi amb l\u2019escola Alarona: una experi\u00e8ncia inoblidable"},"content":{"rendered":"<div class=\"flex flex-col text-sm pb-25\">\n<section class=\"text-token-text-primary w-full focus:outline-none [--shadow-height:45px] has-data-writing-block:pointer-events-none has-data-writing-block:-mt-(--shadow-height) has-data-writing-block:pt-(--shadow-height) [&amp;:has([data-writing-block])&gt;*]:pointer-events-auto [content-visibility:auto] supports-[content-visibility:auto]:[contain-intrinsic-size:auto_100lvh] scroll-mt-[calc(var(--header-height)+min(200px,max(70px,20svh)))]\" dir=\"auto\" data-turn-id=\"request-WEB:9c695605-1d43-4bbd-aa86-efc7e39ace3d-12\" data-testid=\"conversation-turn-2\" data-scroll-anchor=\"true\" data-turn=\"assistant\">\n<div class=\"text-base my-auto mx-auto pb-10 [--thread-content-margin:var(--thread-content-margin-xs,calc(var(--spacing)*4))] @w-sm\/main:[--thread-content-margin:var(--thread-content-margin-sm,calc(var(--spacing)*6))] @w-lg\/main:[--thread-content-margin:var(--thread-content-margin-lg,calc(var(--spacing)*16))] px-(--thread-content-margin)\">\n<div class=\"[--thread-content-max-width:40rem] @w-lg\/main:[--thread-content-max-width:48rem] mx-auto max-w-(--thread-content-max-width) flex-1 group\/turn-messages focus-visible:outline-hidden relative flex w-full min-w-0 flex-col agent-turn\">\n<div class=\"flex max-w-full flex-col gap-4 grow\">\n<div class=\"min-h-8 text-message relative flex w-full flex-col items-end gap-2 text-start break-words whitespace-normal outline-none keyboard-focused:focus-ring [.text-message+&amp;]:mt-1\" dir=\"auto\" tabindex=\"0\" data-message-author-role=\"assistant\" data-message-id=\"168b61c9-811d-4a92-91f9-3249eedc3f2a\" data-message-model-slug=\"gpt-5-3\" data-turn-start-message=\"true\">\n<div class=\"flex w-full flex-col gap-1 empty:hidden\">\n<div class=\"markdown prose dark:prose-invert w-full wrap-break-word light markdown-new-styling\">\n<p data-start=\"66\" data-end=\"335\"><strong>Aquest curs, l\u2019alumnat de CompeTIC de l\u2019escola Salvador Dal\u00ed hem tingut l\u2019oportunitat de participar en un intercanvi amb l\u2019escola Alarona de Matar\u00f3. Ha estat una experi\u00e8ncia molt enriquidora que ens ha perm\u00e8s con\u00e8ixer altres maneres d\u2019aprendre i compartir moments molt especials.<\/strong><\/p>\n<p data-start=\"337\" data-end=\"737\">Fa unes setmanes, vam rebre la visita dels alumnes i professors de l\u2019escola Alarona. Per preparar-la, vam treballar en la creaci\u00f3 d\u2019un <em>podcast<\/em> on vam entrevistar el seu director, diferents docents i tamb\u00e9 l&#8217;alumnat. Va ser una activitat molt interessant, perqu\u00e8 ens va permetre con\u00e8ixer millor la seva escola i la seva manera de treballar, i alhora millorar les nostres habilitats comunicatives.<\/p>\n<p data-start=\"739\" data-end=\"1105\">El darrer dimarts, vam ser nosaltres els que vam visitar l\u2019escola Alarona. Ens van rebre amb un esmorzar molt gener\u00f3s que vam gaudir molt\u00edssim. Despr\u00e9s, ens van explicar com havien desenvolupat el projecte \u201cIkigai\u201d, que ens va semblar molt inspirador. Ens va encantar veure el resultat final: una can\u00e7\u00f3 meravellosa que parla sobre la import\u00e0ncia de no rendir-se mai.<\/p>\n<p data-start=\"1107\" data-end=\"1265\">Aprofitant la trobada, tamb\u00e9 vam estrenar a Ivoox el podcast que hav\u00edem enregistrat a la nostra escola, cosa que ens va fer molta il\u00b7lusi\u00f3 compartir amb ells.<\/p>\n<p data-start=\"1267\" data-end=\"1531\" data-is-last-node=\"\" data-is-only-node=\"\">Aquesta experi\u00e8ncia ens ha ajudat a veure altres realitats, molt semblants a la nostra, amb persones que s\u2019esforcen cada dia per seguir avan\u00e7ant. Aix\u00f2 ens ha fet sentir-nos reflectits i ens ha donat molts \u00e0nims per continuar aprenent i venint a l\u2019escola amb ganes.<\/p>\n<p data-start=\"1267\" data-end=\"1531\" data-is-last-node=\"\" data-is-only-node=\"\"><strong><img loading=\"lazy\" decoding=\"async\" class=\"size-large wp-image-4404 aligncenter\" src=\"https:\/\/agora.xtec.cat\/cfasalvadordali\/wp-content\/uploads\/usu363\/2026\/04\/Alarona-1024x768.jpeg\" alt=\"\" width=\"1024\" height=\"768\" srcset=\"https:\/\/agora.xtec.cat\/cfasalvadordali\/wp-content\/uploads\/usu363\/2026\/04\/Alarona-1024x768.jpeg 1024w, https:\/\/agora.xtec.cat\/cfasalvadordali\/wp-content\/uploads\/usu363\/2026\/04\/Alarona-300x225.jpeg 300w, https:\/\/agora.xtec.cat\/cfasalvadordali\/wp-content\/uploads\/usu363\/2026\/04\/Alarona-768x576.jpeg 768w, https:\/\/agora.xtec.cat\/cfasalvadordali\/wp-content\/uploads\/usu363\/2026\/04\/Alarona-200x150.jpeg 200w, https:\/\/agora.xtec.cat\/cfasalvadordali\/wp-content\/uploads\/usu363\/2026\/04\/Alarona.jpeg 1428w\" sizes=\"auto, (max-width: 1024px) 100vw, 1024px\" \/><\/strong><\/p>\n<\/div>\n<\/div>\n<\/div>\n<\/div>\n<div class=\"z-0 flex min-h-[46px] justify-start\"><\/div>\n<div class=\"mt-3 w-full empty:hidden\">\n<div class=\"text-center\"><\/div>\n<\/div>\n<\/div>\n<\/div>\n<\/section>\n<\/div>\n<div class=\"pointer-events-none h-px w-px absolute bottom-0\" aria-hidden=\"true\" data-edge=\"true\"><\/div>\n","protected":false},"excerpt":{"rendered":"<p>Aquest curs hem fet un intercanvi amb l\u2019escola Alarona, amb una visita seva on vam crear un podcast i una visita nostra on vam con\u00e8ixer el projecte \u201cIkigai\u201d.<br \/>\nL\u2019experi\u00e8ncia ens ha motivat molt, ja que veure altres alumnes esfor\u00e7ant-se ens ha donat \u00e0nims per continuar aprenent.&hellip;  <a href=\"https:\/\/agora.xtec.cat\/cfasalvadordali\/general\/intercanvi-amb-lescola-alarona-una-experiencia-inoblidable\/\" title=\"Read Intercanvi amb l\u2019escola Alarona: una experi\u00e8ncia inoblidable\">Llegeix m\u00e9s\u00bb<\/a><\/p>\n","protected":false},"author":1,"featured_media":4404,"comment_status":"open","ping_status":"open","sticky":true,"template":"","format":"standard","meta":{"_bbp_topic_count":0,"_bbp_reply_count":0,"_bbp_total_topic_count":0,"_bbp_total_reply_count":0,"_bbp_voice_count":0,"_bbp_anonymous_reply_count":0,"_bbp_topic_count_hidden":0,"_bbp_reply_count_hidden":0,"_bbp_forum_subforum_count":0,"footnotes":""},"categories":[88,91,92,89,90,1,29],"tags":[222,223,209],"class_list":["post-4397","post","type-post","status-publish","format-standard","has-post-thumbnail","hentry","category-competic","category-competic-inicial","category-competic-pre-inicial","category-competic1","category-competic2","category-general","category-portada","tag-alarona","tag-intercanvi","tag-podcast"],"post_mailing_queue_ids":[],"_links":{"self":[{"href":"https:\/\/agora.xtec.cat\/cfasalvadordali\/wp-json\/wp\/v2\/posts\/4397","targetHints":{"allow":["GET"]}}],"collection":[{"href":"https:\/\/agora.xtec.cat\/cfasalvadordali\/wp-json\/wp\/v2\/posts"}],"about":[{"href":"https:\/\/agora.xtec.cat\/cfasalvadordali\/wp-json\/wp\/v2\/types\/post"}],"author":[{"embeddable":true,"href":"https:\/\/agora.xtec.cat\/cfasalvadordali\/wp-json\/wp\/v2\/users\/1"}],"replies":[{"embeddable":true,"href":"https:\/\/agora.xtec.cat\/cfasalvadordali\/wp-json\/wp\/v2\/comments?post=4397"}],"version-history":[{"count":3,"href":"https:\/\/agora.xtec.cat\/cfasalvadordali\/wp-json\/wp\/v2\/posts\/4397\/revisions"}],"predecessor-version":[{"id":4405,"href":"https:\/\/agora.xtec.cat\/cfasalvadordali\/wp-json\/wp\/v2\/posts\/4397\/revisions\/4405"}],"wp:featuredmedia":[{"embeddable":true,"href":"https:\/\/agora.xtec.cat\/cfasalvadordali\/wp-json\/wp\/v2\/media\/4404"}],"wp:attachment":[{"href":"https:\/\/agora.xtec.cat\/cfasalvadordali\/wp-json\/wp\/v2\/media?parent=4397"}],"wp:term":[{"taxonomy":"category","embeddable":true,"href":"https:\/\/agora.xtec.cat\/cfasalvadordali\/wp-json\/wp\/v2\/categories?post=4397"},{"taxonomy":"post_tag","embeddable":true,"href":"https:\/\/agora.xtec.cat\/cfasalvadordali\/wp-json\/wp\/v2\/tags?post=4397"}],"curies":[{"name":"wp","href":"https:\/\/api.w.org\/{rel}","templated":true}]}}