{"id":4392,"date":"2026-04-20T11:21:33","date_gmt":"2026-04-20T09:21:33","guid":{"rendered":"https:\/\/agora.xtec.cat\/cfasalvadordali\/?p=4392"},"modified":"2026-04-20T11:22:10","modified_gmt":"2026-04-20T09:22:10","slug":"trobada-de-la-subxarxa-de-coordinacions-digitals-i-csi-a-les-escoles-dadults-en-entorns-penitenciaris","status":"publish","type":"post","link":"https:\/\/agora.xtec.cat\/cfasalvadordali\/general\/trobada-de-la-subxarxa-de-coordinacions-digitals-i-csi-a-les-escoles-dadults-en-entorns-penitenciaris\/","title":{"rendered":"Trobada de la subxarxa de coordinacions digitals i CSI a les escoles d\u2019adults en entorns penitenciaris"},"content":{"rendered":"<p data-start=\"200\" data-end=\"476\"><strong>A finals del darrer curs es va posar en marxa la subxarxa de coordinacions digitals i CSI d\u2019escoles d\u2019adults en seu penitenci\u00e0ria, amb la voluntat de generar espais de col\u00b7laboraci\u00f3, intercanvi i creixement compartit entre centres que viuen una realitat educativa espec\u00edfica.<\/strong><\/p>\n<p data-start=\"478\" data-end=\"814\">En aquesta l\u00ednia, durant el present curs s\u2019ha constitu\u00eft un grup de treball que vetlla per la definici\u00f3 i desenvolupament d\u2019objectius comuns, tant en l\u2019\u00e0mbit pedag\u00f2gic com en el normatiu. Aquest grup esdev\u00e9 un punt de trobada clau per avan\u00e7ar de manera coordinada i coherent en la integraci\u00f3 de la compet\u00e8ncia digital dins dels nostres centres.<\/p>\n<p data-start=\"816\" data-end=\"1127\">El passat dijous, en el marc d\u2019aquest treball conjunt, vam visitar el CFA V\u00edctor Catal\u00e0 i CFA Artur Martorell, amb l\u2019objectiu de con\u00e8ixer de primera m\u00e0 les seves realitats, experi\u00e8ncies i bones pr\u00e0ctiques. Aquesta jornada va permetre enriquir la mirada compartida i refor\u00e7ar els vincles entre les persones professionals que hi treballem.<\/p>\n<p data-start=\"1129\" data-end=\"1467\">Tanmateix, durant la trobada es van establir l\u00ednies de treball comunes i es va mantenir una reuni\u00f3 amb els responsables de seguretat inform\u00e0tica. Aquesta sessi\u00f3 va ser especialment rellevant per continuar avan\u00e7ant en la construcci\u00f3 d\u2019entorns digitals segurs i eficients que garanteixin la qualitat de l\u2019educaci\u00f3 dins de les nostres aules.<\/p>\n<p data-start=\"1129\" data-end=\"1467\"><img loading=\"lazy\" decoding=\"async\" class=\"alignnone size-large wp-image-4395\" src=\"https:\/\/agora.xtec.cat\/cfasalvadordali\/wp-content\/uploads\/usu363\/2026\/04\/IMG-20260416-WA0010-1024x768.jpg\" alt=\"\" width=\"1024\" height=\"768\" srcset=\"https:\/\/agora.xtec.cat\/cfasalvadordali\/wp-content\/uploads\/usu363\/2026\/04\/IMG-20260416-WA0010-1024x768.jpg 1024w, https:\/\/agora.xtec.cat\/cfasalvadordali\/wp-content\/uploads\/usu363\/2026\/04\/IMG-20260416-WA0010-300x225.jpg 300w, https:\/\/agora.xtec.cat\/cfasalvadordali\/wp-content\/uploads\/usu363\/2026\/04\/IMG-20260416-WA0010-768x576.jpg 768w, https:\/\/agora.xtec.cat\/cfasalvadordali\/wp-content\/uploads\/usu363\/2026\/04\/IMG-20260416-WA0010-1536x1152.jpg 1536w, https:\/\/agora.xtec.cat\/cfasalvadordali\/wp-content\/uploads\/usu363\/2026\/04\/IMG-20260416-WA0010-200x150.jpg 200w, https:\/\/agora.xtec.cat\/cfasalvadordali\/wp-content\/uploads\/usu363\/2026\/04\/IMG-20260416-WA0010.jpg 1600w\" sizes=\"auto, (max-width: 1024px) 100vw, 1024px\" \/><\/p>\n<p data-start=\"1469\" data-end=\"1661\">Seguim treballant!<\/p>\n","protected":false},"excerpt":{"rendered":"<p>A finals del curs passat es va crear la subxarxa de coordinacions digitals d\u2019escoles d\u2019adults en entorns penitenciaris, i enguany s\u2019ha impulsat un grup de treball amb objectius pedag\u00f2gics i normatius comuns.<br \/>\nRecentment s\u2019han visitat els CFA V\u00edctor Catal\u00e0 i Artur Martorell, establint l\u00ednies de treball compartides i avan\u00e7ant en entorns digitals segurs amb el suport de seguretat inform\u00e0tica.&hellip;  <a href=\"https:\/\/agora.xtec.cat\/cfasalvadordali\/general\/trobada-de-la-subxarxa-de-coordinacions-digitals-i-csi-a-les-escoles-dadults-en-entorns-penitenciaris\/\" title=\"Read Trobada de la subxarxa de coordinacions digitals i CSI a les escoles d\u2019adults en entorns penitenciaris\">Llegeix m\u00e9s\u00bb<\/a><\/p>\n","protected":false},"author":1,"featured_media":4395,"comment_status":"open","ping_status":"open","sticky":true,"template":"","format":"standard","meta":{"_bbp_topic_count":0,"_bbp_reply_count":0,"_bbp_total_topic_count":0,"_bbp_total_reply_count":0,"_bbp_voice_count":0,"_bbp_anonymous_reply_count":0,"_bbp_topic_count_hidden":0,"_bbp_reply_count_hidden":0,"_bbp_forum_subforum_count":0,"footnotes":""},"categories":[88,91,92,89,90,1,29],"tags":[220,228,229,230],"class_list":["post-4392","post","type-post","status-publish","format-standard","has-post-thumbnail","hentry","category-competic","category-competic-inicial","category-competic-pre-inicial","category-competic1","category-competic2","category-general","category-portada","tag-comunitat","tag-coordinacio-digital","tag-subxarxa","tag-xarxa"],"post_mailing_queue_ids":[],"_links":{"self":[{"href":"https:\/\/agora.xtec.cat\/cfasalvadordali\/wp-json\/wp\/v2\/posts\/4392","targetHints":{"allow":["GET"]}}],"collection":[{"href":"https:\/\/agora.xtec.cat\/cfasalvadordali\/wp-json\/wp\/v2\/posts"}],"about":[{"href":"https:\/\/agora.xtec.cat\/cfasalvadordali\/wp-json\/wp\/v2\/types\/post"}],"author":[{"embeddable":true,"href":"https:\/\/agora.xtec.cat\/cfasalvadordali\/wp-json\/wp\/v2\/users\/1"}],"replies":[{"embeddable":true,"href":"https:\/\/agora.xtec.cat\/cfasalvadordali\/wp-json\/wp\/v2\/comments?post=4392"}],"version-history":[{"count":3,"href":"https:\/\/agora.xtec.cat\/cfasalvadordali\/wp-json\/wp\/v2\/posts\/4392\/revisions"}],"predecessor-version":[{"id":4396,"href":"https:\/\/agora.xtec.cat\/cfasalvadordali\/wp-json\/wp\/v2\/posts\/4392\/revisions\/4396"}],"wp:featuredmedia":[{"embeddable":true,"href":"https:\/\/agora.xtec.cat\/cfasalvadordali\/wp-json\/wp\/v2\/media\/4395"}],"wp:attachment":[{"href":"https:\/\/agora.xtec.cat\/cfasalvadordali\/wp-json\/wp\/v2\/media?parent=4392"}],"wp:term":[{"taxonomy":"category","embeddable":true,"href":"https:\/\/agora.xtec.cat\/cfasalvadordali\/wp-json\/wp\/v2\/categories?post=4392"},{"taxonomy":"post_tag","embeddable":true,"href":"https:\/\/agora.xtec.cat\/cfasalvadordali\/wp-json\/wp\/v2\/tags?post=4392"}],"curies":[{"name":"wp","href":"https:\/\/api.w.org\/{rel}","templated":true}]}}