{"id":4389,"date":"2026-04-15T16:43:09","date_gmt":"2026-04-15T14:43:09","guid":{"rendered":"https:\/\/agora.xtec.cat\/cfasalvadordali\/?p=4389"},"modified":"2026-04-22T20:27:43","modified_gmt":"2026-04-22T18:27:43","slug":"podcast-parlem-de-circ","status":"publish","type":"post","link":"https:\/\/agora.xtec.cat\/cfasalvadordali\/portada\/podcast-parlem-de-circ\/","title":{"rendered":"PODCAST: PARLEM DE CIRC!"},"content":{"rendered":"<p><strong>Els artistes de circ, l\u2019Alba i en Pau Sarraute, l\u2019Eli Coll i en Jordi Saban, visiten l\u2019escola per tal de gravar un podcast amb l\u2019alumnat de Formaci\u00f3 Instrumental<\/strong><\/p>\n<p>L\u2019alumnat ha tancat el projecte \u201cTot plegat \u00e9s un circ\u201d entrevistant i coneixent la traject\u00f2ria de vida i la vinculaci\u00f3 d\u2019aquests quatre referents del circ catal\u00e0.<\/p>\n<p>L\u2019\u00faltima setmana del segon trimestre ha estat intensa i emocionant per a l\u2019alumnat de Formaci\u00f3 Instrumental 3 i 4 de l\u2019escola. Despr\u00e9s d\u2019un darrer mes de mar\u00e7 duent a terme una <strong><em>Situaci\u00f3 d\u2019Aprenentatge vinculada amb el Circ<\/em><\/strong>, l\u2019alumnat ha posat el punt i final al projecte entrevistant a quatre referents del circ a Catalunya.<\/p>\n<p>Per l\u2019aula de FI 3 i 4 hi han passat <strong>l\u2019Alba<\/strong> i en <strong>Pau<\/strong> <strong>Sarraute<\/strong>, <strong>l\u2019Eli<\/strong> <strong>Coll<\/strong> i en <strong>Jordi<\/strong> <strong>Saban (Sabanni)<\/strong>. Durant m\u00e9s de dues setmanes l\u2019alumnat ha preparat de forma col\u00b7laborativa el podcast, coneixent en primer lloc els convidats i preparant posteriorment totes les entrevistes.<\/p>\n<p>Durant les entrevistes els convidats han compartit les seves viv\u00e8ncies, traject\u00f2ries professionals i an\u00e8cdotes sobre la seva feina. L\u2019alumnat ha pogut conduir el programa, ha plantejat preguntes alhora que avan\u00e7aven les entrevistes i ha participat de forma activa de la creaci\u00f3 del contingut.<\/p>\n<p>La gravaci\u00f3 s\u2019ha convertit en un espai de di\u00e0leg i aprenentatge, on s\u2019han tractat temes com la passi\u00f3 per la feina, la creativitat, l\u2019esfor\u00e7 darrere de qualsevol projecte i la import\u00e0ncia del treball en equip per tirar-los endavant. Tamb\u00e9 hi ha hagut moments per parlar de l\u2019evoluci\u00f3 del circ i de com preparen i treballen els projectes que lideren.<\/p>\n<p>Al llarg de les diferents entrevistes s\u2019han compartit situacions personals de la vida de les persones convidades que han estat molt ben rebudes per tot l\u2019alumnat, qui ha destacat a posteriori que moltes de les aportacions els han emocionat i fet reflexionar.<\/p>\n<p>Aquesta experi\u00e8ncia no nom\u00e9s ha perm\u00e8s als alumnes apropar-se a una realitat art\u00edstica sovint desconeguda, sin\u00f3 que tamb\u00e9 han pogut afrontar un repte que d\u2019entrada es plantejava complex. Al llarg de les \u00faltimes setmanes han anat completant i resolent de forma exitosa les diferents activitats fins acabar amb la gravaci\u00f3 del podcast com a colof\u00f3 final.<\/p>\n<p>Abans d\u2019acabar, tant l\u2019alumnat com el professorat volem agrair la predisposici\u00f3 i implicaci\u00f3 de l\u2019Alba, en Pau, l\u2019Eli i en Jordi per ajudar-nos a tirar endavant aquesta proposta.<\/p>\n<p><a href=\"https:\/\/agora.xtec.cat\/cfasalvadordali\/wp-content\/uploads\/usu363\/2026\/04\/CIRC.jpg\"><img loading=\"lazy\" decoding=\"async\" class=\"aligncenter wp-image-4390\" src=\"https:\/\/agora.xtec.cat\/cfasalvadordali\/wp-content\/uploads\/usu363\/2026\/04\/CIRC.jpg\" alt=\"\" width=\"534\" height=\"362\" srcset=\"https:\/\/agora.xtec.cat\/cfasalvadordali\/wp-content\/uploads\/usu363\/2026\/04\/CIRC.jpg 1076w, https:\/\/agora.xtec.cat\/cfasalvadordali\/wp-content\/uploads\/usu363\/2026\/04\/CIRC-300x203.jpg 300w, https:\/\/agora.xtec.cat\/cfasalvadordali\/wp-content\/uploads\/usu363\/2026\/04\/CIRC-1024x694.jpg 1024w, https:\/\/agora.xtec.cat\/cfasalvadordali\/wp-content\/uploads\/usu363\/2026\/04\/CIRC-768x520.jpg 768w\" sizes=\"auto, (max-width: 534px) 100vw, 534px\" \/><\/a><\/p>\n","protected":false},"excerpt":{"rendered":"<p>Els artistes de circ, l\u2019Alba i en Pau Sarraute, l\u2019Eli Coll i en Jordi Saban, visiten l\u2019escola per tal de gravar un podcast amb l\u2019alumnat de Formaci\u00f3 Instrumental<br \/>\nL\u2019alumnat ha tancat el projecte \u201cTot plegat \u00e9s un circ\u201d entrevistant i coneixent la traject\u00f2ria de vida i&hellip;  <a href=\"https:\/\/agora.xtec.cat\/cfasalvadordali\/portada\/podcast-parlem-de-circ\/\" title=\"Read PODCAST: PARLEM DE CIRC!\">Llegeix m\u00e9s\u00bb<\/a><\/p>\n","protected":false},"author":54,"featured_media":4390,"comment_status":"open","ping_status":"open","sticky":true,"template":"","format":"standard","meta":{"_bbp_topic_count":0,"_bbp_reply_count":0,"_bbp_total_topic_count":0,"_bbp_total_reply_count":0,"_bbp_voice_count":0,"_bbp_anonymous_reply_count":0,"_bbp_topic_count_hidden":0,"_bbp_reply_count_hidden":0,"_bbp_forum_subforum_count":0,"footnotes":""},"categories":[29],"tags":[],"class_list":["post-4389","post","type-post","status-publish","format-standard","has-post-thumbnail","hentry","category-portada"],"post_mailing_queue_ids":[],"_links":{"self":[{"href":"https:\/\/agora.xtec.cat\/cfasalvadordali\/wp-json\/wp\/v2\/posts\/4389","targetHints":{"allow":["GET"]}}],"collection":[{"href":"https:\/\/agora.xtec.cat\/cfasalvadordali\/wp-json\/wp\/v2\/posts"}],"about":[{"href":"https:\/\/agora.xtec.cat\/cfasalvadordali\/wp-json\/wp\/v2\/types\/post"}],"author":[{"embeddable":true,"href":"https:\/\/agora.xtec.cat\/cfasalvadordali\/wp-json\/wp\/v2\/users\/54"}],"replies":[{"embeddable":true,"href":"https:\/\/agora.xtec.cat\/cfasalvadordali\/wp-json\/wp\/v2\/comments?post=4389"}],"version-history":[{"count":1,"href":"https:\/\/agora.xtec.cat\/cfasalvadordali\/wp-json\/wp\/v2\/posts\/4389\/revisions"}],"predecessor-version":[{"id":4391,"href":"https:\/\/agora.xtec.cat\/cfasalvadordali\/wp-json\/wp\/v2\/posts\/4389\/revisions\/4391"}],"wp:featuredmedia":[{"embeddable":true,"href":"https:\/\/agora.xtec.cat\/cfasalvadordali\/wp-json\/wp\/v2\/media\/4390"}],"wp:attachment":[{"href":"https:\/\/agora.xtec.cat\/cfasalvadordali\/wp-json\/wp\/v2\/media?parent=4389"}],"wp:term":[{"taxonomy":"category","embeddable":true,"href":"https:\/\/agora.xtec.cat\/cfasalvadordali\/wp-json\/wp\/v2\/categories?post=4389"},{"taxonomy":"post_tag","embeddable":true,"href":"https:\/\/agora.xtec.cat\/cfasalvadordali\/wp-json\/wp\/v2\/tags?post=4389"}],"curies":[{"name":"wp","href":"https:\/\/api.w.org\/{rel}","templated":true}]}}