{"id":4386,"date":"2026-04-15T16:38:35","date_gmt":"2026-04-15T14:38:35","guid":{"rendered":"https:\/\/agora.xtec.cat\/cfasalvadordali\/?p=4386"},"modified":"2026-04-15T16:45:38","modified_gmt":"2026-04-15T14:45:38","slug":"visita-de-lartista-barceloni-miquel-aparici-al-cfa-salvador-dali","status":"publish","type":"post","link":"https:\/\/agora.xtec.cat\/cfasalvadordali\/portada\/visita-de-lartista-barceloni-miquel-aparici-al-cfa-salvador-dali\/","title":{"rendered":"Visita de l\u2019artista barcelon\u00ed Miquel Aparici al CFA Salvador Dal\u00ed"},"content":{"rendered":"<p>El passat dimecres, 25 de febrer de 2026, a l\u2019escola, vam tenir la sort i l\u2019honor de comptar amb la visita de l\u2019artista barcelon\u00ed <strong>Miquel Aparici<\/strong>.<\/p>\n<p>Aparici \u00e9s un creador reconegut per la seva obra \u00fanica d\u2019escultures fetes a partir de materials reutilitzats i recuperats. Despr\u00e9s de molts anys treballant a la revista <em>El Jueves<\/em>, ara es dedica plenament a l\u2019escultura; transforma objectes i materials oblidats en escultures sorprenents i suggeridores. La seva obra s\u2019ha exhibit a Nova York en diverses ocasions i, al llarg de la seva traject\u00f2ria, ha participat en exposicions internacionals i galeries de renom.<\/p>\n<p>Aquesta visita s\u2019emmarca dins del projecte que vam treballar durant el segon trimestre, amb els alumnes de Formaci\u00f3 Instrumental 2: <strong>\u201cD\u00f3na-li una segona vida!\u201d<\/strong>. Durant les darreres setmanes del trimestre, vam reflexionar sobre l\u2019impacte ambiental de la sobreproducci\u00f3 de residus i la import\u00e0ncia de donar una segona vida als objectes per reduir la generaci\u00f3 de deixalles. En aquest context, convidar en Miquel Aparici va ser una oportunitat magn\u00edfica per veure com aquests valors es poden transformar en art.<\/p>\n<p>L\u2019artista va portar tres escultures i fotografies d\u2019altres produccions, que l\u2019alumnat va poder observar, analitzar i comentar. Va ser molt enriquidor descobrir com cada pe\u00e7a cont\u00e9 fragments d\u2019objectes quotidians que, units, expliquen una nova hist\u00f2ria.<\/p>\n<p>Un dels moments m\u00e9s especials de la jornada va ser quan l\u2019artista va realitzar un dibuix en directe amb caf\u00e8, sucre i una cullera, la mateixa t\u00e8cnica amb qu\u00e8 va iniciar la seva carrera art\u00edstica. Aquest gest ens va fer recordar que la creativitat no dep\u00e8n de grans recursos, sin\u00f3 de la mirada i la capacitat de transformar all\u00f2 que tenim a l\u2019abast.<\/p>\n<p>La visita va ser una experi\u00e8ncia inspiradora que connectava plenament amb el nostre projecte: repensar el consum, reduir residus i entendre que reutilitzar tamb\u00e9 \u00e9s una forma de crear futur.<\/p>\n<p>Volem agrair sincerament a <strong>Miquel Aparici<\/strong> la seva visita desinteressada, aix\u00ed com l\u2019impacte tan positiu i inspirador que va deixar en l\u2019alumnat.<\/p>\n<p><a href=\"https:\/\/agora.xtec.cat\/cfasalvadordali\/wp-content\/uploads\/usu363\/2026\/04\/web.jpg\"><img loading=\"lazy\" decoding=\"async\" class=\"aligncenter size-full wp-image-4387\" src=\"https:\/\/agora.xtec.cat\/cfasalvadordali\/wp-content\/uploads\/usu363\/2026\/04\/web.jpg\" alt=\"\" width=\"1176\" height=\"774\" srcset=\"https:\/\/agora.xtec.cat\/cfasalvadordali\/wp-content\/uploads\/usu363\/2026\/04\/web.jpg 1176w, https:\/\/agora.xtec.cat\/cfasalvadordali\/wp-content\/uploads\/usu363\/2026\/04\/web-300x197.jpg 300w, https:\/\/agora.xtec.cat\/cfasalvadordali\/wp-content\/uploads\/usu363\/2026\/04\/web-1024x674.jpg 1024w, https:\/\/agora.xtec.cat\/cfasalvadordali\/wp-content\/uploads\/usu363\/2026\/04\/web-768x505.jpg 768w\" sizes=\"auto, (max-width: 1176px) 100vw, 1176px\" \/><\/a><\/p>\n","protected":false},"excerpt":{"rendered":"<p>El passat dimecres, 25 de febrer de 2026, a l\u2019escola, vam tenir la sort i l\u2019honor de comptar amb la visita de l\u2019artista barcelon\u00ed Miquel Aparici.<br \/>\nAparici \u00e9s un creador reconegut per la seva obra \u00fanica d\u2019escultures fetes a partir de materials reutilitzats i recuperats. Despr\u00e9s&hellip;  <a href=\"https:\/\/agora.xtec.cat\/cfasalvadordali\/portada\/visita-de-lartista-barceloni-miquel-aparici-al-cfa-salvador-dali\/\" title=\"Read Visita de l\u2019artista barcelon\u00ed Miquel Aparici al CFA Salvador Dal\u00ed\">Llegeix m\u00e9s\u00bb<\/a><\/p>\n","protected":false},"author":54,"featured_media":4387,"comment_status":"open","ping_status":"open","sticky":false,"template":"","format":"standard","meta":{"_bbp_topic_count":0,"_bbp_reply_count":0,"_bbp_total_topic_count":0,"_bbp_total_reply_count":0,"_bbp_voice_count":0,"_bbp_anonymous_reply_count":0,"_bbp_topic_count_hidden":0,"_bbp_reply_count_hidden":0,"_bbp_forum_subforum_count":0,"footnotes":""},"categories":[29],"tags":[],"class_list":["post-4386","post","type-post","status-publish","format-standard","has-post-thumbnail","hentry","category-portada"],"post_mailing_queue_ids":[],"_links":{"self":[{"href":"https:\/\/agora.xtec.cat\/cfasalvadordali\/wp-json\/wp\/v2\/posts\/4386","targetHints":{"allow":["GET"]}}],"collection":[{"href":"https:\/\/agora.xtec.cat\/cfasalvadordali\/wp-json\/wp\/v2\/posts"}],"about":[{"href":"https:\/\/agora.xtec.cat\/cfasalvadordali\/wp-json\/wp\/v2\/types\/post"}],"author":[{"embeddable":true,"href":"https:\/\/agora.xtec.cat\/cfasalvadordali\/wp-json\/wp\/v2\/users\/54"}],"replies":[{"embeddable":true,"href":"https:\/\/agora.xtec.cat\/cfasalvadordali\/wp-json\/wp\/v2\/comments?post=4386"}],"version-history":[{"count":1,"href":"https:\/\/agora.xtec.cat\/cfasalvadordali\/wp-json\/wp\/v2\/posts\/4386\/revisions"}],"predecessor-version":[{"id":4388,"href":"https:\/\/agora.xtec.cat\/cfasalvadordali\/wp-json\/wp\/v2\/posts\/4386\/revisions\/4388"}],"wp:featuredmedia":[{"embeddable":true,"href":"https:\/\/agora.xtec.cat\/cfasalvadordali\/wp-json\/wp\/v2\/media\/4387"}],"wp:attachment":[{"href":"https:\/\/agora.xtec.cat\/cfasalvadordali\/wp-json\/wp\/v2\/media?parent=4386"}],"wp:term":[{"taxonomy":"category","embeddable":true,"href":"https:\/\/agora.xtec.cat\/cfasalvadordali\/wp-json\/wp\/v2\/categories?post=4386"},{"taxonomy":"post_tag","embeddable":true,"href":"https:\/\/agora.xtec.cat\/cfasalvadordali\/wp-json\/wp\/v2\/tags?post=4386"}],"curies":[{"name":"wp","href":"https:\/\/api.w.org\/{rel}","templated":true}]}}