{"id":4370,"date":"2026-03-27T14:18:32","date_gmt":"2026-03-27T13:18:32","guid":{"rendered":"https:\/\/agora.xtec.cat\/cfasalvadordali\/?p=4370"},"modified":"2026-04-22T20:28:37","modified_gmt":"2026-04-22T18:28:37","slug":"del-silex-a-la-moneda-un-viatge-visual-per-la-historia-de-la-humanitat","status":"publish","type":"post","link":"https:\/\/agora.xtec.cat\/cfasalvadordali\/general\/del-silex-a-la-moneda-un-viatge-visual-per-la-historia-de-la-humanitat\/","title":{"rendered":"Del s\u00edlex a la moneda: un viatge visual per la hist\u00f2ria de la humanitat"},"content":{"rendered":"<p>Els grups de Castell\u00e0 i Catal\u00e0 de l\u2019\u00c0rea Educativa hem treballat <em>DEL S\u00cdLEX A LA MONEDA<\/em>, un viatge per les principals etapes de la hist\u00f2ria per descobrir els fets m\u00e9s rellevants viscuts per la humanitat al llarg dels segles. A trav\u00e9s de l&#8217;art, l\u2019alumnat ha donat forma a les grans etapes hist\u00f2riques \u2014Prehist\u00f2ria, Edat Antiga, Edat Mitjana, Edat Moderna i Edat Contempor\u00e0nia\u2014 creant un mural col\u00b7lectiu que ara s\u2019exposa a l\u2019\u00c0rea Educativa.<\/p>\n<p>HEU FET UNA GRAN FEINA ALUMNES DE CASTELL\u00c0 I CATAL\u00c0!!!!<br \/>\nGr\u00e0cies!!!!!<\/p>\n<table style=\"width: 100%; border-collapse: collapse; border-style: none; border-color: #ffffff; background-color: #ffffff;\">\n<tbody>\n<tr style=\"border-style: solid; border-color: #ffffff; background-color: #ffffff;\">\n<td style=\"width: 33.3333%; border-style: solid; border-color: #ffffff; background-color: #ffffff;\"><img loading=\"lazy\" decoding=\"async\" class=\"alignnone size-large wp-image-4371\" src=\"https:\/\/agora.xtec.cat\/cfasalvadordali\/wp-content\/uploads\/usu363\/2026\/03\/Cat-cast1-1024x611.png\" alt=\"\" width=\"1024\" height=\"611\" srcset=\"https:\/\/agora.xtec.cat\/cfasalvadordali\/wp-content\/uploads\/usu363\/2026\/03\/Cat-cast1-1024x611.png 1024w, https:\/\/agora.xtec.cat\/cfasalvadordali\/wp-content\/uploads\/usu363\/2026\/03\/Cat-cast1-300x179.png 300w, https:\/\/agora.xtec.cat\/cfasalvadordali\/wp-content\/uploads\/usu363\/2026\/03\/Cat-cast1-768x458.png 768w, https:\/\/agora.xtec.cat\/cfasalvadordali\/wp-content\/uploads\/usu363\/2026\/03\/Cat-cast1.png 1036w\" sizes=\"auto, (max-width: 1024px) 100vw, 1024px\" \/><\/td>\n<td style=\"width: 33.3333%; border-style: solid; border-color: #ffffff; background-color: #ffffff;\"><img loading=\"lazy\" decoding=\"async\" class=\"alignnone size-full wp-image-4372\" src=\"https:\/\/agora.xtec.cat\/cfasalvadordali\/wp-content\/uploads\/usu363\/2026\/03\/Cat-cast2.png\" alt=\"\" width=\"913\" height=\"612\" srcset=\"https:\/\/agora.xtec.cat\/cfasalvadordali\/wp-content\/uploads\/usu363\/2026\/03\/Cat-cast2.png 913w, https:\/\/agora.xtec.cat\/cfasalvadordali\/wp-content\/uploads\/usu363\/2026\/03\/Cat-cast2-300x201.png 300w, https:\/\/agora.xtec.cat\/cfasalvadordali\/wp-content\/uploads\/usu363\/2026\/03\/Cat-cast2-768x515.png 768w\" sizes=\"auto, (max-width: 913px) 100vw, 913px\" \/><\/td>\n<td style=\"width: 33.3333%; border-style: solid; border-color: #ffffff; background-color: #ffffff;\"><img loading=\"lazy\" decoding=\"async\" class=\"alignnone size-full wp-image-4373\" src=\"https:\/\/agora.xtec.cat\/cfasalvadordali\/wp-content\/uploads\/usu363\/2026\/03\/Cat-cast3.png\" alt=\"\" width=\"998\" height=\"723\" srcset=\"https:\/\/agora.xtec.cat\/cfasalvadordali\/wp-content\/uploads\/usu363\/2026\/03\/Cat-cast3.png 998w, https:\/\/agora.xtec.cat\/cfasalvadordali\/wp-content\/uploads\/usu363\/2026\/03\/Cat-cast3-300x217.png 300w, https:\/\/agora.xtec.cat\/cfasalvadordali\/wp-content\/uploads\/usu363\/2026\/03\/Cat-cast3-768x556.png 768w\" sizes=\"auto, (max-width: 998px) 100vw, 998px\" \/><\/td>\n<\/tr>\n<\/tbody>\n<\/table>\n","protected":false},"excerpt":{"rendered":"<p>Els grups de Castell\u00e0 i Catal\u00e0 de l\u2019\u00c0rea Educativa hem treballat DEL S\u00cdLEX A LA MONEDA, un viatge per les principals etapes de la hist\u00f2ria per descobrir els fets m\u00e9s rellevants viscuts per la humanitat al llarg dels segles. A trav\u00e9s de l&#8217;art, l\u2019alumnat ha&hellip;  <a href=\"https:\/\/agora.xtec.cat\/cfasalvadordali\/general\/del-silex-a-la-moneda-un-viatge-visual-per-la-historia-de-la-humanitat\/\" title=\"Read Del s\u00edlex a la moneda: un viatge visual per la hist\u00f2ria de la humanitat\">Llegeix m\u00e9s\u00bb<\/a><\/p>\n","protected":false},"author":1,"featured_media":4371,"comment_status":"open","ping_status":"open","sticky":true,"template":"","format":"standard","meta":{"_bbp_topic_count":0,"_bbp_reply_count":0,"_bbp_total_topic_count":0,"_bbp_total_reply_count":0,"_bbp_voice_count":0,"_bbp_anonymous_reply_count":0,"_bbp_topic_count_hidden":0,"_bbp_reply_count_hidden":0,"_bbp_forum_subforum_count":0,"footnotes":""},"categories":[1,205,29],"tags":[],"class_list":["post-4370","post","type-post","status-publish","format-standard","has-post-thumbnail","hentry","category-general","category-llengues","category-portada"],"post_mailing_queue_ids":[],"_links":{"self":[{"href":"https:\/\/agora.xtec.cat\/cfasalvadordali\/wp-json\/wp\/v2\/posts\/4370","targetHints":{"allow":["GET"]}}],"collection":[{"href":"https:\/\/agora.xtec.cat\/cfasalvadordali\/wp-json\/wp\/v2\/posts"}],"about":[{"href":"https:\/\/agora.xtec.cat\/cfasalvadordali\/wp-json\/wp\/v2\/types\/post"}],"author":[{"embeddable":true,"href":"https:\/\/agora.xtec.cat\/cfasalvadordali\/wp-json\/wp\/v2\/users\/1"}],"replies":[{"embeddable":true,"href":"https:\/\/agora.xtec.cat\/cfasalvadordali\/wp-json\/wp\/v2\/comments?post=4370"}],"version-history":[{"count":2,"href":"https:\/\/agora.xtec.cat\/cfasalvadordali\/wp-json\/wp\/v2\/posts\/4370\/revisions"}],"predecessor-version":[{"id":4375,"href":"https:\/\/agora.xtec.cat\/cfasalvadordali\/wp-json\/wp\/v2\/posts\/4370\/revisions\/4375"}],"wp:featuredmedia":[{"embeddable":true,"href":"https:\/\/agora.xtec.cat\/cfasalvadordali\/wp-json\/wp\/v2\/media\/4371"}],"wp:attachment":[{"href":"https:\/\/agora.xtec.cat\/cfasalvadordali\/wp-json\/wp\/v2\/media?parent=4370"}],"wp:term":[{"taxonomy":"category","embeddable":true,"href":"https:\/\/agora.xtec.cat\/cfasalvadordali\/wp-json\/wp\/v2\/categories?post=4370"},{"taxonomy":"post_tag","embeddable":true,"href":"https:\/\/agora.xtec.cat\/cfasalvadordali\/wp-json\/wp\/v2\/tags?post=4370"}],"curies":[{"name":"wp","href":"https:\/\/api.w.org\/{rel}","templated":true}]}}