{"id":4362,"date":"2026-03-26T08:58:53","date_gmt":"2026-03-26T07:58:53","guid":{"rendered":"https:\/\/agora.xtec.cat\/cfasalvadordali\/?p=4362"},"modified":"2026-04-22T20:28:54","modified_gmt":"2026-04-22T18:28:54","slug":"el-claustre-viu-el-pec-una-experiencia-compartida","status":"publish","type":"post","link":"https:\/\/agora.xtec.cat\/cfasalvadordali\/general\/el-claustre-viu-el-pec-una-experiencia-compartida\/","title":{"rendered":"El claustre viu el PEC: una experi\u00e8ncia compartida"},"content":{"rendered":"<p>Ahir, el claustre del centre va participar en una jornada molt especial amb l\u2019objectiu de\u00a0viure i compartir el Projecte Educatiu de Centre (PEC)\u00a0des d\u2019una mirada vivencial i col\u00b7lectiva.<\/p>\n<p>Aquesta activitat s\u2019emmarca dins del proc\u00e9s participatiu i col\u00b7laboratiu que hem estat desenvolupant els darrers mesos per a l\u2019elaboraci\u00f3 del nou PEC, en el qual tot el professorat ha pogut aportar reflexions, idees i propostes. La sessi\u00f3 d\u2019ahir va representar un pas m\u00e9s en aquest cam\u00ed compartit: no nom\u00e9s pensar el PEC, sin\u00f3 tamb\u00e9 sentir-lo i construir-lo conjuntament. Al llarg de la jornada, es van dur a terme diverses din\u00e0miques que van afavorir la participaci\u00f3 activa, l\u2019intercanvi d\u2019idees i la creativitat. Aquesta experi\u00e8ncia va permetre refor\u00e7ar vincles i valorar la riquesa del treball en equip.<\/p>\n<p>Aquesta jornada ens refor\u00e7a en la nostra ferma voluntat de continuar treballant per una escola inclusiva, que posi al centre les persones, les seves traject\u00f2ries i les seves oportunitats de futur. Continuem avan\u00e7ant, doncs, en la construcci\u00f3 d\u2019un PEC que sigui realment viu, compartit i representatiu de tota la comunitat educativa.<\/p>\n<table style=\"border-collapse: collapse; width: 88.3566%; height: 529px;\">\n<tbody>\n<tr style=\"border-style: solid; border-color: #ffffff; background-color: #ffffff;\">\n<td style=\"width: 33.3333%; border-style: solid; border-color: #ffffff; background-color: #ffffff;\"><img loading=\"lazy\" decoding=\"async\" class=\"alignnone size-large wp-image-4367\" src=\"https:\/\/agora.xtec.cat\/cfasalvadordali\/wp-content\/uploads\/usu363\/2026\/03\/DSC03233-768x1024.jpg\" alt=\"\" width=\"768\" height=\"1024\" srcset=\"https:\/\/agora.xtec.cat\/cfasalvadordali\/wp-content\/uploads\/usu363\/2026\/03\/DSC03233-768x1024.jpg 768w, https:\/\/agora.xtec.cat\/cfasalvadordali\/wp-content\/uploads\/usu363\/2026\/03\/DSC03233-225x300.jpg 225w, https:\/\/agora.xtec.cat\/cfasalvadordali\/wp-content\/uploads\/usu363\/2026\/03\/DSC03233-rotated.jpg 966w\" sizes=\"auto, (max-width: 768px) 100vw, 768px\" \/><\/td>\n<td style=\"width: 33.3333%; border-style: solid; border-color: #ffffff; background-color: #ffffff;\"><img loading=\"lazy\" decoding=\"async\" class=\"alignnone size-large wp-image-4366\" src=\"https:\/\/agora.xtec.cat\/cfasalvadordali\/wp-content\/uploads\/usu363\/2026\/03\/DSC03230-1024x768.jpg\" alt=\"\" width=\"1024\" height=\"768\" srcset=\"https:\/\/agora.xtec.cat\/cfasalvadordali\/wp-content\/uploads\/usu363\/2026\/03\/DSC03230-1024x768.jpg 1024w, https:\/\/agora.xtec.cat\/cfasalvadordali\/wp-content\/uploads\/usu363\/2026\/03\/DSC03230-300x225.jpg 300w, https:\/\/agora.xtec.cat\/cfasalvadordali\/wp-content\/uploads\/usu363\/2026\/03\/DSC03230-768x576.jpg 768w, https:\/\/agora.xtec.cat\/cfasalvadordali\/wp-content\/uploads\/usu363\/2026\/03\/DSC03230-200x150.jpg 200w, https:\/\/agora.xtec.cat\/cfasalvadordali\/wp-content\/uploads\/usu363\/2026\/03\/DSC03230.jpg 1288w\" sizes=\"auto, (max-width: 1024px) 100vw, 1024px\" \/><\/td>\n<td style=\"width: 33.3333%; border-style: solid; border-color: #ffffff; background-color: #ffffff;\"><img loading=\"lazy\" decoding=\"async\" class=\"alignnone size-large wp-image-4363\" src=\"https:\/\/agora.xtec.cat\/cfasalvadordali\/wp-content\/uploads\/usu363\/2026\/03\/DSC03225-1-1024x768.jpg\" alt=\"\" width=\"1024\" height=\"768\" srcset=\"https:\/\/agora.xtec.cat\/cfasalvadordali\/wp-content\/uploads\/usu363\/2026\/03\/DSC03225-1-1024x768.jpg 1024w, https:\/\/agora.xtec.cat\/cfasalvadordali\/wp-content\/uploads\/usu363\/2026\/03\/DSC03225-1-300x225.jpg 300w, https:\/\/agora.xtec.cat\/cfasalvadordali\/wp-content\/uploads\/usu363\/2026\/03\/DSC03225-1-768x576.jpg 768w, https:\/\/agora.xtec.cat\/cfasalvadordali\/wp-content\/uploads\/usu363\/2026\/03\/DSC03225-1-200x150.jpg 200w, https:\/\/agora.xtec.cat\/cfasalvadordali\/wp-content\/uploads\/usu363\/2026\/03\/DSC03225-1.jpg 1288w\" sizes=\"auto, (max-width: 1024px) 100vw, 1024px\" \/><\/td>\n<\/tr>\n<\/tbody>\n<\/table>\n","protected":false},"excerpt":{"rendered":"<p>Ahir, el claustre del centre va participar en una jornada molt especial amb l\u2019objectiu de\u00a0viure i compartir el Projecte Educatiu de Centre (PEC)\u00a0des d\u2019una mirada vivencial i col\u00b7lectiva.<br \/>\nAquesta activitat s\u2019emmarca dins del proc\u00e9s participatiu i col\u00b7laboratiu que hem estat desenvolupant els darrers mesos per a&hellip;  <a href=\"https:\/\/agora.xtec.cat\/cfasalvadordali\/general\/el-claustre-viu-el-pec-una-experiencia-compartida\/\" title=\"Read El claustre viu el PEC: una experi\u00e8ncia compartida\">Llegeix m\u00e9s\u00bb<\/a><\/p>\n","protected":false},"author":1,"featured_media":4363,"comment_status":"open","ping_status":"open","sticky":true,"template":"","format":"standard","meta":{"_bbp_topic_count":0,"_bbp_reply_count":0,"_bbp_total_topic_count":0,"_bbp_total_reply_count":0,"_bbp_voice_count":0,"_bbp_anonymous_reply_count":0,"_bbp_topic_count_hidden":0,"_bbp_reply_count_hidden":0,"_bbp_forum_subforum_count":0,"footnotes":""},"categories":[1,29],"tags":[],"class_list":["post-4362","post","type-post","status-publish","format-standard","has-post-thumbnail","hentry","category-general","category-portada"],"post_mailing_queue_ids":[],"_links":{"self":[{"href":"https:\/\/agora.xtec.cat\/cfasalvadordali\/wp-json\/wp\/v2\/posts\/4362","targetHints":{"allow":["GET"]}}],"collection":[{"href":"https:\/\/agora.xtec.cat\/cfasalvadordali\/wp-json\/wp\/v2\/posts"}],"about":[{"href":"https:\/\/agora.xtec.cat\/cfasalvadordali\/wp-json\/wp\/v2\/types\/post"}],"author":[{"embeddable":true,"href":"https:\/\/agora.xtec.cat\/cfasalvadordali\/wp-json\/wp\/v2\/users\/1"}],"replies":[{"embeddable":true,"href":"https:\/\/agora.xtec.cat\/cfasalvadordali\/wp-json\/wp\/v2\/comments?post=4362"}],"version-history":[{"count":2,"href":"https:\/\/agora.xtec.cat\/cfasalvadordali\/wp-json\/wp\/v2\/posts\/4362\/revisions"}],"predecessor-version":[{"id":4369,"href":"https:\/\/agora.xtec.cat\/cfasalvadordali\/wp-json\/wp\/v2\/posts\/4362\/revisions\/4369"}],"wp:featuredmedia":[{"embeddable":true,"href":"https:\/\/agora.xtec.cat\/cfasalvadordali\/wp-json\/wp\/v2\/media\/4363"}],"wp:attachment":[{"href":"https:\/\/agora.xtec.cat\/cfasalvadordali\/wp-json\/wp\/v2\/media?parent=4362"}],"wp:term":[{"taxonomy":"category","embeddable":true,"href":"https:\/\/agora.xtec.cat\/cfasalvadordali\/wp-json\/wp\/v2\/categories?post=4362"},{"taxonomy":"post_tag","embeddable":true,"href":"https:\/\/agora.xtec.cat\/cfasalvadordali\/wp-json\/wp\/v2\/tags?post=4362"}],"curies":[{"name":"wp","href":"https:\/\/api.w.org\/{rel}","templated":true}]}}