{"id":4356,"date":"2026-03-24T14:57:49","date_gmt":"2026-03-24T13:57:49","guid":{"rendered":"https:\/\/agora.xtec.cat\/cfasalvadordali\/?p=4356"},"modified":"2026-03-24T14:58:24","modified_gmt":"2026-03-24T13:58:24","slug":"un-viatge-per-la-historia-de-la-llengua-catalana","status":"publish","type":"post","link":"https:\/\/agora.xtec.cat\/cfasalvadordali\/general\/un-viatge-per-la-historia-de-la-llengua-catalana\/","title":{"rendered":"UN VIATGE PER LA HIST\u00d2RIA DE LA LLENGUA CATALANA"},"content":{"rendered":"<p dir=\"ltr\">Aquest trimestre, els alumnes de catal\u00e0 de tots els m\u00f2duls, hem treballat un projecte molt especial: la hist\u00f2ria de la llengua catalana, des dels seus or\u00edgens fins a l\u2019actualitat.\u00a0A trav\u00e9s d\u2019un conte senzill i activitats adaptades, l\u2019alumnat ha descobert com neix el catal\u00e0 a partir del llat\u00ed, com creix durant l\u2019edat mitjana, com es veu afectat per moments dif\u00edcils com la Guerra de Successi\u00f3 o el franquisme, i com torna a agafar for\u00e7a amb la Renaixen\u00e7a i figures clau com Ramon Llull i Pompeu Fabra.<\/p>\n<p dir=\"ltr\">El projecte s\u2019ha treballat de manera molt visual i participativa, amb murals, activitats pl\u00e0stiques, an\u00e0lisi de pel\u00b7l\u00edcules, escriptura en ploma\u2026. Un dels moments m\u00e9s significatius ha estat con\u00e8ixer la hist\u00f2ria de la bandera de Catalunya: la senyera. Hem aprofitat per fer una bandera per les aules d\u2019escola de tots els m\u00f2duls i una per a l\u2019\u00e0rea educativa.\u00a0Per tancar el projecte, hem elaborat un v\u00eddeo en qu\u00e8 l\u2019alumnat promou el catal\u00e0 i l\u2019\u00fas de la llengua. Aquest v\u00eddeo vol transmetre un missatge clar: el catal\u00e0 \u00e9s una llengua viva, que ens uneix i que constru\u00efm entre tots.<\/p>\n<p dir=\"ltr\">Amb aquesta iniciativa, no nom\u00e9s hem treballat continguts ling\u00fc\u00edstics i hist\u00f2rics, sin\u00f3 tamb\u00e9 valors com el respecte, la conviv\u00e8ncia i la import\u00e0ncia de la llengua com a eina de comunicaci\u00f3 i identitat.<\/p>\n<p dir=\"ltr\">Us convidem a veure el v\u00eddeo i esperem que us agradi.<\/p>\n<p dir=\"ltr\">Els alumnes de catal\u00e0 de m\u00f2duls.<\/p>\n<p dir=\"ltr\"><iframe loading=\"lazy\" title=\"YouTube video player\" src=\"https:\/\/www.youtube.com\/embed\/04bSKNPalB0?si=fB4CbBW2jgEpcuhK\" width=\"560\" height=\"315\" frameborder=\"0\" allowfullscreen=\"allowfullscreen\"><\/iframe><\/p>\n","protected":false},"excerpt":{"rendered":"<p>Aquest trimestre, els alumnes de catal\u00e0 de tots els m\u00f2duls, hem treballat un projecte molt especial: la hist\u00f2ria de la llengua catalana, des dels seus or\u00edgens fins a l\u2019actualitat.\u00a0A trav\u00e9s d\u2019un conte senzill i activitats adaptades, l\u2019alumnat ha descobert com neix el catal\u00e0 a partir&hellip;  <a href=\"https:\/\/agora.xtec.cat\/cfasalvadordali\/general\/un-viatge-per-la-historia-de-la-llengua-catalana\/\" title=\"Read UN VIATGE PER LA HIST\u00d2RIA DE LA LLENGUA CATALANA\">Llegeix m\u00e9s\u00bb<\/a><\/p>\n","protected":false},"author":1,"featured_media":4357,"comment_status":"open","ping_status":"open","sticky":true,"template":"","format":"standard","meta":{"_bbp_topic_count":0,"_bbp_reply_count":0,"_bbp_total_topic_count":0,"_bbp_total_reply_count":0,"_bbp_voice_count":0,"_bbp_anonymous_reply_count":0,"_bbp_topic_count_hidden":0,"_bbp_reply_count_hidden":0,"_bbp_forum_subforum_count":0,"footnotes":""},"categories":[1,29],"tags":[],"class_list":["post-4356","post","type-post","status-publish","format-standard","has-post-thumbnail","hentry","category-general","category-portada"],"post_mailing_queue_ids":[],"_links":{"self":[{"href":"https:\/\/agora.xtec.cat\/cfasalvadordali\/wp-json\/wp\/v2\/posts\/4356","targetHints":{"allow":["GET"]}}],"collection":[{"href":"https:\/\/agora.xtec.cat\/cfasalvadordali\/wp-json\/wp\/v2\/posts"}],"about":[{"href":"https:\/\/agora.xtec.cat\/cfasalvadordali\/wp-json\/wp\/v2\/types\/post"}],"author":[{"embeddable":true,"href":"https:\/\/agora.xtec.cat\/cfasalvadordali\/wp-json\/wp\/v2\/users\/1"}],"replies":[{"embeddable":true,"href":"https:\/\/agora.xtec.cat\/cfasalvadordali\/wp-json\/wp\/v2\/comments?post=4356"}],"version-history":[{"count":1,"href":"https:\/\/agora.xtec.cat\/cfasalvadordali\/wp-json\/wp\/v2\/posts\/4356\/revisions"}],"predecessor-version":[{"id":4358,"href":"https:\/\/agora.xtec.cat\/cfasalvadordali\/wp-json\/wp\/v2\/posts\/4356\/revisions\/4358"}],"wp:featuredmedia":[{"embeddable":true,"href":"https:\/\/agora.xtec.cat\/cfasalvadordali\/wp-json\/wp\/v2\/media\/4357"}],"wp:attachment":[{"href":"https:\/\/agora.xtec.cat\/cfasalvadordali\/wp-json\/wp\/v2\/media?parent=4356"}],"wp:term":[{"taxonomy":"category","embeddable":true,"href":"https:\/\/agora.xtec.cat\/cfasalvadordali\/wp-json\/wp\/v2\/categories?post=4356"},{"taxonomy":"post_tag","embeddable":true,"href":"https:\/\/agora.xtec.cat\/cfasalvadordali\/wp-json\/wp\/v2\/tags?post=4356"}],"curies":[{"name":"wp","href":"https:\/\/api.w.org\/{rel}","templated":true}]}}