{"id":4350,"date":"2026-03-23T16:32:04","date_gmt":"2026-03-23T15:32:04","guid":{"rendered":"https:\/\/agora.xtec.cat\/cfasalvadordali\/?p=4350"},"modified":"2026-03-23T16:32:04","modified_gmt":"2026-03-23T15:32:04","slug":"taller-de-xocolata-a-la-biblioteca-els-origens-del-cacau","status":"publish","type":"post","link":"https:\/\/agora.xtec.cat\/cfasalvadordali\/portada\/taller-de-xocolata-a-la-biblioteca-els-origens-del-cacau\/","title":{"rendered":"Taller de xocolata a la biblioteca: els or\u00edgens del cacau"},"content":{"rendered":"<p dir=\"ltr\"><span style=\"font-size: large;\">El passat dilluns, la biblioteca de l\u2019escola es va omplir d\u2019aromes, sabors i aprenentatges gr\u00e0cies a la visita d\u2019en Ra\u00fcl, xocolater, que ens va oferir un taller molt especial sobre els or\u00edgens del cacau i el proc\u00e9s d\u2019elaboraci\u00f3 de la xocolata.<\/span><\/p>\n<p dir=\"ltr\"><span style=\"font-size: large;\">Durant la sessi\u00f3, vam poder descobrir d\u2019on prov\u00e9 el cacau, com es cultiva i quines transformacions experimenta fins a convertir-se en la xocolata que coneixem. Va ser una oportunitat \u00fanica per entendre tot el recorregut d\u2019aquest aliment tan present en el nostre dia a dia.<\/span><\/p>\n<p dir=\"ltr\"><span style=\"font-size: large;\">Un dels moments m\u00e9s esperats va ser el tast de diferents tipus de cacau i xocolata. Vam poder provar diferents sabors, textures i varietats, tot desenvolupant els sentits i la curiositat gastron\u00f2mica.<\/span><\/p>\n<p dir=\"ltr\"><span style=\"font-size: large;\">En acabar el taller, el mestre xocolater, ens va regalar els bombons que es van elaborar durant el taller.<\/span><\/p>\n<p dir=\"ltr\"><span style=\"font-size: large;\">Volem agrair sincerament a en Ra\u00fcl, la Sandra i l&#8217;Alba el seu temps, la dedicaci\u00f3 i la passi\u00f3 que ens van transmetre durant tota la jornada. Ha estat una experi\u00e8ncia enriquidora i molt especial que, sens dubte, recordarem amb molt bon gust.<\/span><a href=\"https:\/\/agora.xtec.cat\/cfasalvadordali\/wp-content\/uploads\/usu363\/2026\/03\/DSC03201-1-scaled.jpg\"><img loading=\"lazy\" decoding=\"async\" class=\"aligncenter size-medium wp-image-4351\" src=\"https:\/\/agora.xtec.cat\/cfasalvadordali\/wp-content\/uploads\/usu363\/2026\/03\/DSC03201-1-300x225.jpg\" alt=\"\" width=\"300\" height=\"225\" srcset=\"https:\/\/agora.xtec.cat\/cfasalvadordali\/wp-content\/uploads\/usu363\/2026\/03\/DSC03201-1-300x225.jpg 300w, https:\/\/agora.xtec.cat\/cfasalvadordali\/wp-content\/uploads\/usu363\/2026\/03\/DSC03201-1-1024x768.jpg 1024w, https:\/\/agora.xtec.cat\/cfasalvadordali\/wp-content\/uploads\/usu363\/2026\/03\/DSC03201-1-768x576.jpg 768w, https:\/\/agora.xtec.cat\/cfasalvadordali\/wp-content\/uploads\/usu363\/2026\/03\/DSC03201-1-1536x1152.jpg 1536w, https:\/\/agora.xtec.cat\/cfasalvadordali\/wp-content\/uploads\/usu363\/2026\/03\/DSC03201-1-2048x1536.jpg 2048w, https:\/\/agora.xtec.cat\/cfasalvadordali\/wp-content\/uploads\/usu363\/2026\/03\/DSC03201-1-200x150.jpg 200w\" sizes=\"auto, (max-width: 300px) 100vw, 300px\" \/><\/a><\/p>\n","protected":false},"excerpt":{"rendered":"<p>El passat dilluns, la biblioteca de l\u2019escola es va omplir d\u2019aromes, sabors i aprenentatges gr\u00e0cies a la visita d\u2019en Ra\u00fcl, xocolater, que ens va oferir un taller molt especial sobre els or\u00edgens del cacau i el proc\u00e9s d\u2019elaboraci\u00f3 de la xocolata.<br \/>\nDurant la sessi\u00f3, vam poder&hellip;  <a href=\"https:\/\/agora.xtec.cat\/cfasalvadordali\/portada\/taller-de-xocolata-a-la-biblioteca-els-origens-del-cacau\/\" title=\"Read Taller de xocolata a la biblioteca: els or\u00edgens del cacau\">Llegeix m\u00e9s\u00bb<\/a><\/p>\n","protected":false},"author":54,"featured_media":4351,"comment_status":"open","ping_status":"open","sticky":true,"template":"","format":"standard","meta":{"_bbp_topic_count":0,"_bbp_reply_count":0,"_bbp_total_topic_count":0,"_bbp_total_reply_count":0,"_bbp_voice_count":0,"_bbp_anonymous_reply_count":0,"_bbp_topic_count_hidden":0,"_bbp_reply_count_hidden":0,"_bbp_forum_subforum_count":0,"footnotes":""},"categories":[29],"tags":[],"class_list":["post-4350","post","type-post","status-publish","format-standard","has-post-thumbnail","hentry","category-portada"],"post_mailing_queue_ids":[],"_links":{"self":[{"href":"https:\/\/agora.xtec.cat\/cfasalvadordali\/wp-json\/wp\/v2\/posts\/4350","targetHints":{"allow":["GET"]}}],"collection":[{"href":"https:\/\/agora.xtec.cat\/cfasalvadordali\/wp-json\/wp\/v2\/posts"}],"about":[{"href":"https:\/\/agora.xtec.cat\/cfasalvadordali\/wp-json\/wp\/v2\/types\/post"}],"author":[{"embeddable":true,"href":"https:\/\/agora.xtec.cat\/cfasalvadordali\/wp-json\/wp\/v2\/users\/54"}],"replies":[{"embeddable":true,"href":"https:\/\/agora.xtec.cat\/cfasalvadordali\/wp-json\/wp\/v2\/comments?post=4350"}],"version-history":[{"count":1,"href":"https:\/\/agora.xtec.cat\/cfasalvadordali\/wp-json\/wp\/v2\/posts\/4350\/revisions"}],"predecessor-version":[{"id":4352,"href":"https:\/\/agora.xtec.cat\/cfasalvadordali\/wp-json\/wp\/v2\/posts\/4350\/revisions\/4352"}],"wp:featuredmedia":[{"embeddable":true,"href":"https:\/\/agora.xtec.cat\/cfasalvadordali\/wp-json\/wp\/v2\/media\/4351"}],"wp:attachment":[{"href":"https:\/\/agora.xtec.cat\/cfasalvadordali\/wp-json\/wp\/v2\/media?parent=4350"}],"wp:term":[{"taxonomy":"category","embeddable":true,"href":"https:\/\/agora.xtec.cat\/cfasalvadordali\/wp-json\/wp\/v2\/categories?post=4350"},{"taxonomy":"post_tag","embeddable":true,"href":"https:\/\/agora.xtec.cat\/cfasalvadordali\/wp-json\/wp\/v2\/tags?post=4350"}],"curies":[{"name":"wp","href":"https:\/\/api.w.org\/{rel}","templated":true}]}}