{"id":4338,"date":"2026-03-18T16:47:30","date_gmt":"2026-03-18T15:47:30","guid":{"rendered":"https:\/\/agora.xtec.cat\/cfasalvadordali\/?p=4338"},"modified":"2026-03-18T18:54:56","modified_gmt":"2026-03-18T17:54:56","slug":"compartint-la-cultura-britanica","status":"publish","type":"post","link":"https:\/\/agora.xtec.cat\/cfasalvadordali\/portada\/compartint-la-cultura-britanica\/","title":{"rendered":"Compartint la cultura brit\u00e0nica!"},"content":{"rendered":"<p><span style=\"font-weight: 400;\">A l\u2019aula d\u2019angl\u00e8s 2-3 hem tingut el privilegi de gaudir d\u2019una exposici\u00f3 oral especialment enriquidora sobre la cultura brit\u00e0nica, presentada per l\u2019A.R., originari de Chelsea. Amb una gran capacitat comunicativa i una clara preparaci\u00f3, va aconseguir captar l\u2019atenci\u00f3 de tots els companys des del primer moment.<\/span><\/p>\n<p><span style=\"font-weight: 400;\">La seva presentaci\u00f3, estructurada en diferents \u00e0mbits com la identitat brit\u00e0nica, el sistema pol\u00edtic, els costums socials, la gastronomia i la m\u00fasica , ens va permetre entendre millor la riquesa i diversitat del Regne Unit. Va destacar especialment la manera com va explicar aspectes quotidians, com la import\u00e0ncia de fer cua o parlar del temps, aix\u00ed com el paper del te o la influ\u00e8ncia de la m\u00fasica brit\u00e0nica en el m\u00f3n.<\/span><\/p>\n<p><span style=\"font-weight: 400;\">M\u00e9s enll\u00e0 dels continguts, cal posar en valor la seva actitud: va demostrar un gran esfor\u00e7 i, sobretot, moltes ganes de compartir la seva cultura amb la resta del grup.<\/span><\/p>\n<p><span style=\"font-weight: 400;\">Aquesta experi\u00e8ncia reflecteix els valors de la nostra escola d\u2019adults: un espai on es respecten i es potencien les cultures d\u2019arreu, i on aprendre una llengua es converteix tamb\u00e9 en una oportunitat per cr\u00e9ixer com a comunitat.<\/span><\/p>\n<p><b>Thank you very much for your commitment, A.R.<\/b><\/p>\n<p><a href=\"https:\/\/agora.xtec.cat\/cfasalvadordali\/wp-content\/uploads\/usu363\/2026\/03\/DSC03210-1-scaled.jpg\"><img loading=\"lazy\" decoding=\"async\" class=\"alignnone size-large wp-image-4342\" src=\"https:\/\/agora.xtec.cat\/cfasalvadordali\/wp-content\/uploads\/usu363\/2026\/03\/DSC03210-1-1024x768.jpg\" alt=\"\" width=\"1024\" height=\"768\" srcset=\"https:\/\/agora.xtec.cat\/cfasalvadordali\/wp-content\/uploads\/usu363\/2026\/03\/DSC03210-1-1024x768.jpg 1024w, https:\/\/agora.xtec.cat\/cfasalvadordali\/wp-content\/uploads\/usu363\/2026\/03\/DSC03210-1-300x225.jpg 300w, https:\/\/agora.xtec.cat\/cfasalvadordali\/wp-content\/uploads\/usu363\/2026\/03\/DSC03210-1-768x576.jpg 768w, https:\/\/agora.xtec.cat\/cfasalvadordali\/wp-content\/uploads\/usu363\/2026\/03\/DSC03210-1-1536x1152.jpg 1536w, https:\/\/agora.xtec.cat\/cfasalvadordali\/wp-content\/uploads\/usu363\/2026\/03\/DSC03210-1-2048x1536.jpg 2048w, https:\/\/agora.xtec.cat\/cfasalvadordali\/wp-content\/uploads\/usu363\/2026\/03\/DSC03210-1-200x150.jpg 200w\" sizes=\"auto, (max-width: 1024px) 100vw, 1024px\" \/><\/a><\/p>\n<p><a href=\"https:\/\/agora.xtec.cat\/cfasalvadordali\/wp-content\/uploads\/usu363\/2026\/03\/DSC03203-1-scaled.jpg\"><img loading=\"lazy\" decoding=\"async\" class=\"alignnone wp-image-4340\" src=\"https:\/\/agora.xtec.cat\/cfasalvadordali\/wp-content\/uploads\/usu363\/2026\/03\/DSC03203-1-300x225.jpg\" alt=\"\" width=\"520\" height=\"390\" srcset=\"https:\/\/agora.xtec.cat\/cfasalvadordali\/wp-content\/uploads\/usu363\/2026\/03\/DSC03203-1-300x225.jpg 300w, https:\/\/agora.xtec.cat\/cfasalvadordali\/wp-content\/uploads\/usu363\/2026\/03\/DSC03203-1-1024x768.jpg 1024w, https:\/\/agora.xtec.cat\/cfasalvadordali\/wp-content\/uploads\/usu363\/2026\/03\/DSC03203-1-768x576.jpg 768w, https:\/\/agora.xtec.cat\/cfasalvadordali\/wp-content\/uploads\/usu363\/2026\/03\/DSC03203-1-1536x1152.jpg 1536w, https:\/\/agora.xtec.cat\/cfasalvadordali\/wp-content\/uploads\/usu363\/2026\/03\/DSC03203-1-2048x1536.jpg 2048w, https:\/\/agora.xtec.cat\/cfasalvadordali\/wp-content\/uploads\/usu363\/2026\/03\/DSC03203-1-200x150.jpg 200w\" sizes=\"auto, (max-width: 520px) 100vw, 520px\" \/> <\/a><a href=\"https:\/\/agora.xtec.cat\/cfasalvadordali\/wp-content\/uploads\/usu363\/2026\/03\/DSC03205-1-scaled.jpg\"><img loading=\"lazy\" decoding=\"async\" class=\"alignnone wp-image-4341\" src=\"https:\/\/agora.xtec.cat\/cfasalvadordali\/wp-content\/uploads\/usu363\/2026\/03\/DSC03205-1-1024x768.jpg\" alt=\"\" width=\"506\" height=\"379\" data-wp-editing=\"1\" srcset=\"https:\/\/agora.xtec.cat\/cfasalvadordali\/wp-content\/uploads\/usu363\/2026\/03\/DSC03205-1-1024x768.jpg 1024w, https:\/\/agora.xtec.cat\/cfasalvadordali\/wp-content\/uploads\/usu363\/2026\/03\/DSC03205-1-300x225.jpg 300w, https:\/\/agora.xtec.cat\/cfasalvadordali\/wp-content\/uploads\/usu363\/2026\/03\/DSC03205-1-768x576.jpg 768w, https:\/\/agora.xtec.cat\/cfasalvadordali\/wp-content\/uploads\/usu363\/2026\/03\/DSC03205-1-1536x1152.jpg 1536w, https:\/\/agora.xtec.cat\/cfasalvadordali\/wp-content\/uploads\/usu363\/2026\/03\/DSC03205-1-2048x1536.jpg 2048w, https:\/\/agora.xtec.cat\/cfasalvadordali\/wp-content\/uploads\/usu363\/2026\/03\/DSC03205-1-200x150.jpg 200w\" sizes=\"auto, (max-width: 506px) 100vw, 506px\" \/><\/a><\/p>\n","protected":false},"excerpt":{"rendered":"<p>A l\u2019aula d\u2019angl\u00e8s 2-3 hem tingut el privilegi de gaudir d\u2019una exposici\u00f3 oral especialment enriquidora sobre la cultura brit\u00e0nica, presentada per l\u2019A.R., originari de Chelsea. Amb una gran capacitat comunicativa i una clara preparaci\u00f3, va aconseguir captar l\u2019atenci\u00f3 de tots els companys des del primer&hellip;  <a href=\"https:\/\/agora.xtec.cat\/cfasalvadordali\/portada\/compartint-la-cultura-britanica\/\" title=\"Read Compartint la cultura brit\u00e0nica!\">Llegeix m\u00e9s\u00bb<\/a><\/p>\n","protected":false},"author":54,"featured_media":4342,"comment_status":"open","ping_status":"open","sticky":true,"template":"","format":"standard","meta":{"_bbp_topic_count":0,"_bbp_reply_count":0,"_bbp_total_topic_count":0,"_bbp_total_reply_count":0,"_bbp_voice_count":0,"_bbp_anonymous_reply_count":0,"_bbp_topic_count_hidden":0,"_bbp_reply_count_hidden":0,"_bbp_forum_subforum_count":0,"footnotes":""},"categories":[29],"tags":[],"class_list":["post-4338","post","type-post","status-publish","format-standard","has-post-thumbnail","hentry","category-portada"],"post_mailing_queue_ids":[],"_links":{"self":[{"href":"https:\/\/agora.xtec.cat\/cfasalvadordali\/wp-json\/wp\/v2\/posts\/4338","targetHints":{"allow":["GET"]}}],"collection":[{"href":"https:\/\/agora.xtec.cat\/cfasalvadordali\/wp-json\/wp\/v2\/posts"}],"about":[{"href":"https:\/\/agora.xtec.cat\/cfasalvadordali\/wp-json\/wp\/v2\/types\/post"}],"author":[{"embeddable":true,"href":"https:\/\/agora.xtec.cat\/cfasalvadordali\/wp-json\/wp\/v2\/users\/54"}],"replies":[{"embeddable":true,"href":"https:\/\/agora.xtec.cat\/cfasalvadordali\/wp-json\/wp\/v2\/comments?post=4338"}],"version-history":[{"count":3,"href":"https:\/\/agora.xtec.cat\/cfasalvadordali\/wp-json\/wp\/v2\/posts\/4338\/revisions"}],"predecessor-version":[{"id":4344,"href":"https:\/\/agora.xtec.cat\/cfasalvadordali\/wp-json\/wp\/v2\/posts\/4338\/revisions\/4344"}],"wp:featuredmedia":[{"embeddable":true,"href":"https:\/\/agora.xtec.cat\/cfasalvadordali\/wp-json\/wp\/v2\/media\/4342"}],"wp:attachment":[{"href":"https:\/\/agora.xtec.cat\/cfasalvadordali\/wp-json\/wp\/v2\/media?parent=4338"}],"wp:term":[{"taxonomy":"category","embeddable":true,"href":"https:\/\/agora.xtec.cat\/cfasalvadordali\/wp-json\/wp\/v2\/categories?post=4338"},{"taxonomy":"post_tag","embeddable":true,"href":"https:\/\/agora.xtec.cat\/cfasalvadordali\/wp-json\/wp\/v2\/tags?post=4338"}],"curies":[{"name":"wp","href":"https:\/\/api.w.org\/{rel}","templated":true}]}}