{"id":4325,"date":"2026-03-18T16:40:20","date_gmt":"2026-03-18T15:40:20","guid":{"rendered":"https:\/\/agora.xtec.cat\/cfasalvadordali\/?p=4325"},"modified":"2026-03-18T16:44:02","modified_gmt":"2026-03-18T15:44:02","slug":"celebrem-el-8m","status":"publish","type":"post","link":"https:\/\/agora.xtec.cat\/cfasalvadordali\/general\/celebrem-el-8m\/","title":{"rendered":"CELEBREM EL 8M!"},"content":{"rendered":"<p>Amb motiu del 8 de mar\u00e7, Dia Internacional de les Dones, a l\u2019escola hem dut a terme una activitat de sensibilitzaci\u00f3 per promoure la igualtat i valorar el paper de les dones en la nostra societat i en la vida de cadasc\u00fa.<\/p>\n<p>Per comen\u00e7ar, l\u2019alumnat va visualitzar un v\u00eddeo de l\u2019InfoK que va servir com a punt de partida per reflexionar sobre el significat d\u2019aquesta data i la import\u00e0ncia de continuar avan\u00e7ant cap a una societat m\u00e9s justa i igualit\u00e0ria.<\/p>\n<p>A continuaci\u00f3, cada persona va compartir amb el grup una dona important a la seva vida, explicant-ne els motius i posant en relleu la seva influ\u00e8ncia i significat personal. Aquesta activitat va generar espais de di\u00e0leg molt enriquidors i plens de reflexions.<\/p>\n<p>Finalment, es van escriure els noms d\u2019aquestes dones en un mural col\u00b7laboratiu, construint entre tots un espai simb\u00f2lic de reconeixement i estima cap a figures femenines significatives.<\/p>\n<p>A m\u00e9s, tamb\u00e9 es va elaborar un mural on es presentaven les diferents dones treballades a les diverses situacions d\u2019aprenentatge dels diferents grups i nivells de l\u2019escola, donant visibilitat a referents femenins de diversos \u00e0mbits i nacionalitats.<\/p>\n<p>Ha estat una jornada molt positiva que ens ha perm\u00e8s reflexionar, compartir experi\u00e8ncies i continuar fomentant valors d\u2019igualtat, respecte i conviv\u00e8ncia.<\/p>\n<p><a href=\"https:\/\/agora.xtec.cat\/cfasalvadordali\/wp-content\/uploads\/usu363\/2026\/03\/DSC03185-scaled.jpg\"><img loading=\"lazy\" decoding=\"async\" class=\"size-medium wp-image-4330 alignleft\" src=\"https:\/\/agora.xtec.cat\/cfasalvadordali\/wp-content\/uploads\/usu363\/2026\/03\/DSC03185-300x225.jpg\" alt=\"\" width=\"300\" height=\"225\" srcset=\"https:\/\/agora.xtec.cat\/cfasalvadordali\/wp-content\/uploads\/usu363\/2026\/03\/DSC03185-300x225.jpg 300w, https:\/\/agora.xtec.cat\/cfasalvadordali\/wp-content\/uploads\/usu363\/2026\/03\/DSC03185-1024x768.jpg 1024w, https:\/\/agora.xtec.cat\/cfasalvadordali\/wp-content\/uploads\/usu363\/2026\/03\/DSC03185-768x576.jpg 768w, https:\/\/agora.xtec.cat\/cfasalvadordali\/wp-content\/uploads\/usu363\/2026\/03\/DSC03185-1536x1152.jpg 1536w, https:\/\/agora.xtec.cat\/cfasalvadordali\/wp-content\/uploads\/usu363\/2026\/03\/DSC03185-2048x1536.jpg 2048w, https:\/\/agora.xtec.cat\/cfasalvadordali\/wp-content\/uploads\/usu363\/2026\/03\/DSC03185-200x150.jpg 200w\" sizes=\"auto, (max-width: 300px) 100vw, 300px\" \/><\/a><a href=\"https:\/\/agora.xtec.cat\/cfasalvadordali\/wp-content\/uploads\/usu363\/2026\/03\/DSC03183-scaled.jpg\"><img loading=\"lazy\" decoding=\"async\" class=\"size-medium wp-image-4329 alignright\" src=\"https:\/\/agora.xtec.cat\/cfasalvadordali\/wp-content\/uploads\/usu363\/2026\/03\/DSC03183-300x225.jpg\" alt=\"\" width=\"300\" height=\"225\" srcset=\"https:\/\/agora.xtec.cat\/cfasalvadordali\/wp-content\/uploads\/usu363\/2026\/03\/DSC03183-300x225.jpg 300w, https:\/\/agora.xtec.cat\/cfasalvadordali\/wp-content\/uploads\/usu363\/2026\/03\/DSC03183-1024x768.jpg 1024w, https:\/\/agora.xtec.cat\/cfasalvadordali\/wp-content\/uploads\/usu363\/2026\/03\/DSC03183-768x576.jpg 768w, https:\/\/agora.xtec.cat\/cfasalvadordali\/wp-content\/uploads\/usu363\/2026\/03\/DSC03183-1536x1152.jpg 1536w, https:\/\/agora.xtec.cat\/cfasalvadordali\/wp-content\/uploads\/usu363\/2026\/03\/DSC03183-2048x1536.jpg 2048w, https:\/\/agora.xtec.cat\/cfasalvadordali\/wp-content\/uploads\/usu363\/2026\/03\/DSC03183-200x150.jpg 200w\" sizes=\"auto, (max-width: 300px) 100vw, 300px\" \/><\/a><a href=\"https:\/\/agora.xtec.cat\/cfasalvadordali\/wp-content\/uploads\/usu363\/2026\/03\/DSC03168-scaled.jpg\"><img loading=\"lazy\" decoding=\"async\" class=\"size-medium wp-image-4327 aligncenter\" src=\"https:\/\/agora.xtec.cat\/cfasalvadordali\/wp-content\/uploads\/usu363\/2026\/03\/DSC03168-300x225.jpg\" alt=\"\" width=\"300\" height=\"225\" srcset=\"https:\/\/agora.xtec.cat\/cfasalvadordali\/wp-content\/uploads\/usu363\/2026\/03\/DSC03168-300x225.jpg 300w, https:\/\/agora.xtec.cat\/cfasalvadordali\/wp-content\/uploads\/usu363\/2026\/03\/DSC03168-1024x768.jpg 1024w, https:\/\/agora.xtec.cat\/cfasalvadordali\/wp-content\/uploads\/usu363\/2026\/03\/DSC03168-768x576.jpg 768w, https:\/\/agora.xtec.cat\/cfasalvadordali\/wp-content\/uploads\/usu363\/2026\/03\/DSC03168-1536x1152.jpg 1536w, https:\/\/agora.xtec.cat\/cfasalvadordali\/wp-content\/uploads\/usu363\/2026\/03\/DSC03168-2048x1536.jpg 2048w, https:\/\/agora.xtec.cat\/cfasalvadordali\/wp-content\/uploads\/usu363\/2026\/03\/DSC03168-200x150.jpg 200w\" sizes=\"auto, (max-width: 300px) 100vw, 300px\" \/><\/a><\/p>\n","protected":false},"excerpt":{"rendered":"<p>Amb motiu del 8 de mar\u00e7, Dia Internacional de les Dones, a l\u2019escola hem dut a terme una activitat de sensibilitzaci\u00f3 per promoure la igualtat i valorar el paper de les dones en la nostra societat i en la vida de cadasc\u00fa.<br \/>\nPer comen\u00e7ar, l\u2019alumnat va&hellip;  <a href=\"https:\/\/agora.xtec.cat\/cfasalvadordali\/general\/celebrem-el-8m\/\" title=\"Read CELEBREM EL 8M!\">Llegeix m\u00e9s\u00bb<\/a><\/p>\n","protected":false},"author":54,"featured_media":4331,"comment_status":"open","ping_status":"open","sticky":true,"template":"","format":"standard","meta":{"_bbp_topic_count":0,"_bbp_reply_count":0,"_bbp_total_topic_count":0,"_bbp_total_reply_count":0,"_bbp_voice_count":0,"_bbp_anonymous_reply_count":0,"_bbp_topic_count_hidden":0,"_bbp_reply_count_hidden":0,"_bbp_forum_subforum_count":0,"footnotes":""},"categories":[1,29],"tags":[],"class_list":["post-4325","post","type-post","status-publish","format-standard","has-post-thumbnail","hentry","category-general","category-portada"],"post_mailing_queue_ids":[],"_links":{"self":[{"href":"https:\/\/agora.xtec.cat\/cfasalvadordali\/wp-json\/wp\/v2\/posts\/4325","targetHints":{"allow":["GET"]}}],"collection":[{"href":"https:\/\/agora.xtec.cat\/cfasalvadordali\/wp-json\/wp\/v2\/posts"}],"about":[{"href":"https:\/\/agora.xtec.cat\/cfasalvadordali\/wp-json\/wp\/v2\/types\/post"}],"author":[{"embeddable":true,"href":"https:\/\/agora.xtec.cat\/cfasalvadordali\/wp-json\/wp\/v2\/users\/54"}],"replies":[{"embeddable":true,"href":"https:\/\/agora.xtec.cat\/cfasalvadordali\/wp-json\/wp\/v2\/comments?post=4325"}],"version-history":[{"count":2,"href":"https:\/\/agora.xtec.cat\/cfasalvadordali\/wp-json\/wp\/v2\/posts\/4325\/revisions"}],"predecessor-version":[{"id":4336,"href":"https:\/\/agora.xtec.cat\/cfasalvadordali\/wp-json\/wp\/v2\/posts\/4325\/revisions\/4336"}],"wp:featuredmedia":[{"embeddable":true,"href":"https:\/\/agora.xtec.cat\/cfasalvadordali\/wp-json\/wp\/v2\/media\/4331"}],"wp:attachment":[{"href":"https:\/\/agora.xtec.cat\/cfasalvadordali\/wp-json\/wp\/v2\/media?parent=4325"}],"wp:term":[{"taxonomy":"category","embeddable":true,"href":"https:\/\/agora.xtec.cat\/cfasalvadordali\/wp-json\/wp\/v2\/categories?post=4325"},{"taxonomy":"post_tag","embeddable":true,"href":"https:\/\/agora.xtec.cat\/cfasalvadordali\/wp-json\/wp\/v2\/tags?post=4325"}],"curies":[{"name":"wp","href":"https:\/\/api.w.org\/{rel}","templated":true}]}}