{"id":4301,"date":"2026-03-05T22:43:21","date_gmt":"2026-03-05T21:43:21","guid":{"rendered":"https:\/\/agora.xtec.cat\/cfasalvadordali\/?p=4301"},"modified":"2026-03-05T22:44:03","modified_gmt":"2026-03-05T21:44:03","slug":"paraules-que-sonen-musica-que-parla","status":"publish","type":"post","link":"https:\/\/agora.xtec.cat\/cfasalvadordali\/portada\/paraules-que-sonen-musica-que-parla\/","title":{"rendered":"Paraules que sonen, m\u00fasica que parla"},"content":{"rendered":"<p>Els alumnes de GESO 1 s\u2019han endinsat en un projecte d\u2019escriptura creativa inspirat en la m\u00fasica.\u00a0 Al llarg d\u2019aquest proc\u00e9s han creat lletres de can\u00e7ons pr\u00f2pies, deixant volar la imaginaci\u00f3 i experimentant amb diferents maneres d\u2019explicar i transmetre viv\u00e8ncies a trav\u00e9s de les paraules. A m\u00e9s, han elaborat entrevistes a persones amb inquietuds musicals, per con\u00e8ixer de prop qu\u00e8 els inspira, com viuen la m\u00fasica i quin paper t\u00e9 en les seves vides. Us deixem amb una petita mostra dels seus treballs. Gaudiu-ne!<\/p>\n<table style=\"border-collapse: collapse; width: 100%;\">\n<tbody>\n<tr>\n<td style=\"width: 50%; border-color: #ffffff; background-color: #ffffff;\">\u00a0<iframe loading=\"lazy\" src=\"https:\/\/docs.google.com\/presentation\/d\/e\/2PACX-1vS_3y_XEhdHoiAqEGyM1KfNY2LHwaHxXKUrYu8wSvIgoVezXY0DvGGliSZsZ9huHg\/pubembed?start=false&amp;loop=false&amp;delayms=3000\" width=\"480\" height=\"299\" frameborder=\"0\" allowfullscreen=\"allowfullscreen\"><\/iframe><\/td>\n<td style=\"width: 50%; border-color: #ffffff; background-color: #ffffff;\"><iframe loading=\"lazy\" src=\"https:\/\/docs.google.com\/presentation\/d\/e\/2PACX-1vSZVL9gllFp4z7xd2bfoG3Gxhz-c3COni97Q--PCCKd-dxwMNpZl3r6EvWBZJsDMJxLeayHaNlaIHXP\/pubembed?start=false&amp;loop=false&amp;delayms=3000\" width=\"480\" height=\"299\" frameborder=\"0\" allowfullscreen=\"allowfullscreen\"><\/iframe><\/td>\n<\/tr>\n<\/tbody>\n<\/table>\n<p>&nbsp;<\/p>\n","protected":false},"excerpt":{"rendered":"<p>Els alumnes de GESO 1 s\u2019han endinsat en un projecte d\u2019escriptura creativa inspirat en la m\u00fasica.\u00a0 Al llarg d\u2019aquest proc\u00e9s han creat lletres de can\u00e7ons pr\u00f2pies, deixant volar la imaginaci\u00f3 i experimentant amb diferents maneres d\u2019explicar i transmetre viv\u00e8ncies a trav\u00e9s de les paraules. A&hellip;  <a href=\"https:\/\/agora.xtec.cat\/cfasalvadordali\/portada\/paraules-que-sonen-musica-que-parla\/\" title=\"Read Paraules que sonen, m\u00fasica que parla\">Llegeix m\u00e9s\u00bb<\/a><\/p>\n","protected":false},"author":1,"featured_media":4304,"comment_status":"open","ping_status":"open","sticky":true,"template":"","format":"standard","meta":{"_bbp_topic_count":0,"_bbp_reply_count":0,"_bbp_total_topic_count":0,"_bbp_total_reply_count":0,"_bbp_voice_count":0,"_bbp_anonymous_reply_count":0,"_bbp_topic_count_hidden":0,"_bbp_reply_count_hidden":0,"_bbp_forum_subforum_count":0,"footnotes":""},"categories":[84,29],"tags":[],"class_list":["post-4301","post","type-post","status-publish","format-standard","has-post-thumbnail","hentry","category-ges1","category-portada"],"post_mailing_queue_ids":[],"_links":{"self":[{"href":"https:\/\/agora.xtec.cat\/cfasalvadordali\/wp-json\/wp\/v2\/posts\/4301","targetHints":{"allow":["GET"]}}],"collection":[{"href":"https:\/\/agora.xtec.cat\/cfasalvadordali\/wp-json\/wp\/v2\/posts"}],"about":[{"href":"https:\/\/agora.xtec.cat\/cfasalvadordali\/wp-json\/wp\/v2\/types\/post"}],"author":[{"embeddable":true,"href":"https:\/\/agora.xtec.cat\/cfasalvadordali\/wp-json\/wp\/v2\/users\/1"}],"replies":[{"embeddable":true,"href":"https:\/\/agora.xtec.cat\/cfasalvadordali\/wp-json\/wp\/v2\/comments?post=4301"}],"version-history":[{"count":4,"href":"https:\/\/agora.xtec.cat\/cfasalvadordali\/wp-json\/wp\/v2\/posts\/4301\/revisions"}],"predecessor-version":[{"id":4306,"href":"https:\/\/agora.xtec.cat\/cfasalvadordali\/wp-json\/wp\/v2\/posts\/4301\/revisions\/4306"}],"wp:featuredmedia":[{"embeddable":true,"href":"https:\/\/agora.xtec.cat\/cfasalvadordali\/wp-json\/wp\/v2\/media\/4304"}],"wp:attachment":[{"href":"https:\/\/agora.xtec.cat\/cfasalvadordali\/wp-json\/wp\/v2\/media?parent=4301"}],"wp:term":[{"taxonomy":"category","embeddable":true,"href":"https:\/\/agora.xtec.cat\/cfasalvadordali\/wp-json\/wp\/v2\/categories?post=4301"},{"taxonomy":"post_tag","embeddable":true,"href":"https:\/\/agora.xtec.cat\/cfasalvadordali\/wp-json\/wp\/v2\/tags?post=4301"}],"curies":[{"name":"wp","href":"https:\/\/api.w.org\/{rel}","templated":true}]}}