{"id":4297,"date":"2026-03-03T08:42:44","date_gmt":"2026-03-03T07:42:44","guid":{"rendered":"https:\/\/agora.xtec.cat\/cfasalvadordali\/?p=4297"},"modified":"2026-03-03T08:43:27","modified_gmt":"2026-03-03T07:43:27","slug":"els-dimarts-sumen-6","status":"publish","type":"post","link":"https:\/\/agora.xtec.cat\/cfasalvadordali\/portada\/els-dimarts-sumen-6\/","title":{"rendered":"Els dimarts sumen!"},"content":{"rendered":"<p>Avui &#8220;Els dimarts sumen!<em>&#8220;<\/em> va de tradici\u00f3 i passi\u00f3 castellera!<br \/>\nEls\u00a0<a href=\"https:\/\/educadors.text.cat\/interact\/public\/SAPS_QUE\/SAPSQ-18-10-15_castells.pdf\" target=\"_blank\" rel=\"noopener\" data-saferedirecturl=\"https:\/\/www.google.com\/url?q=https:\/\/educadors.text.cat\/interact\/public\/SAPS_QUE\/SAPSQ-18-10-15_castells.pdf&amp;source=gmail&amp;ust=1772530670711000&amp;usg=AOvVaw0XYWERSTGq9t8tmscUig6C\">castells<\/a>\u00a0s\u00f3n molt m\u00e9s que torres humanes: s\u00f3n s\u00edmbols vius de cohesi\u00f3, esfor\u00e7 i identitat col\u00b7lectiva. A Valls, al segle XVIII, van comen\u00e7ar a al\u00e7ar-se les primeres figures que desafiaven la gravetat i la por, i durant el segle XIX les colles vallenques van arribar a construir castells de nou pisos, demostrant un domini extraordinari de coordinaci\u00f3, for\u00e7a i equilibri.<\/p>\n<p>Cada diada \u00e9s un acte d\u2019altruisme i confian\u00e7a: cada m\u00e0 que sost\u00e9, cada peu que puja, forma part d\u2019una coreografia perfecta on la vida del grup pesa m\u00e9s que la individual. Tot i els per\u00edodes de davallada i els obstacles socials, a partir dels anys 60 els castells van ren\u00e9ixer amb energia nova, consolidant valors de cooperaci\u00f3, solidaritat i passi\u00f3 compartida. Els anys 80 i 90 van marcar fites t\u00e8cniques sense precedents, amb castells de gamma extra i de deu pisos, i la seva pres\u00e8ncia als Jocs Ol\u00edmpics de Barcelona 1992 els va projectar com a s\u00edmbol internacional de cultura i excel\u00b7l\u00e8ncia. Avui, amb el reconeixement de la UNESCO com a Patrimoni Immaterial de la Humanitat, els castells continuen emocionant i inspirant: cada diada recorda que l\u2019esfor\u00e7 col\u00b7lectiu, la valentia i la confian\u00e7a m\u00fatua poden elevar-nos m\u00e9s enll\u00e0 del que sembla possible.<\/p>\n<p><a href=\"https:\/\/agora.xtec.cat\/cfasalvadordali\/wp-content\/uploads\/usu363\/2026\/03\/castellers-bcn-10.jpg\"><img loading=\"lazy\" decoding=\"async\" class=\"alignnone size-large wp-image-4280\" src=\"https:\/\/agora.xtec.cat\/cfasalvadordali\/wp-content\/uploads\/usu363\/2026\/03\/castellers-bcn-10-1024x512.jpg\" alt=\"\" width=\"1024\" height=\"512\" srcset=\"https:\/\/agora.xtec.cat\/cfasalvadordali\/wp-content\/uploads\/usu363\/2026\/03\/castellers-bcn-10-1024x512.jpg 1024w, https:\/\/agora.xtec.cat\/cfasalvadordali\/wp-content\/uploads\/usu363\/2026\/03\/castellers-bcn-10-300x150.jpg 300w, https:\/\/agora.xtec.cat\/cfasalvadordali\/wp-content\/uploads\/usu363\/2026\/03\/castellers-bcn-10-768x384.jpg 768w, https:\/\/agora.xtec.cat\/cfasalvadordali\/wp-content\/uploads\/usu363\/2026\/03\/castellers-bcn-10.jpg 1400w\" sizes=\"auto, (max-width: 1024px) 100vw, 1024px\" \/><\/a><\/p>\n<p><a href=\"https:\/\/agora.xtec.cat\/cfasalvadordali\/wp-content\/uploads\/usu363\/2026\/03\/tarragona-ciutat-de-castells.jpg\"><img loading=\"lazy\" decoding=\"async\" class=\"alignnone size-large wp-image-4281\" src=\"https:\/\/agora.xtec.cat\/cfasalvadordali\/wp-content\/uploads\/usu363\/2026\/03\/tarragona-ciutat-de-castells.jpg\" alt=\"\" width=\"850\" height=\"566\" srcset=\"https:\/\/agora.xtec.cat\/cfasalvadordali\/wp-content\/uploads\/usu363\/2026\/03\/tarragona-ciutat-de-castells.jpg 850w, https:\/\/agora.xtec.cat\/cfasalvadordali\/wp-content\/uploads\/usu363\/2026\/03\/tarragona-ciutat-de-castells-300x200.jpg 300w, https:\/\/agora.xtec.cat\/cfasalvadordali\/wp-content\/uploads\/usu363\/2026\/03\/tarragona-ciutat-de-castells-768x511.jpg 768w\" sizes=\"auto, (max-width: 850px) 100vw, 850px\" \/><\/a><\/p>\n<p><a href=\"https:\/\/agora.xtec.cat\/cfasalvadordali\/wp-content\/uploads\/usu363\/2026\/03\/Castells-2.png\"><img loading=\"lazy\" decoding=\"async\" class=\"alignnone size-large wp-image-4282\" src=\"https:\/\/agora.xtec.cat\/cfasalvadordali\/wp-content\/uploads\/usu363\/2026\/03\/Castells-2.png\" alt=\"\" width=\"972\" height=\"666\" srcset=\"https:\/\/agora.xtec.cat\/cfasalvadordali\/wp-content\/uploads\/usu363\/2026\/03\/Castells-2.png 972w, https:\/\/agora.xtec.cat\/cfasalvadordali\/wp-content\/uploads\/usu363\/2026\/03\/Castells-2-300x206.png 300w, https:\/\/agora.xtec.cat\/cfasalvadordali\/wp-content\/uploads\/usu363\/2026\/03\/Castells-2-768x526.png 768w\" sizes=\"auto, (max-width: 972px) 100vw, 972px\" \/><\/a><\/p>\n","protected":false},"excerpt":{"rendered":"<p>Avui &#8220;Els dimarts sumen!&#8220; va de tradici\u00f3 i passi\u00f3 castellera!<br \/>\nEls\u00a0<a href=\"https:\/\/educadors.text.cat\/interact\/public\/SAPS_QUE\/SAPSQ-18-10-15_castells.pdf\" target=\"_blank\" rel=\"noopener\" data-saferedirecturl=\"https:\/\/www.google.com\/url?q=https:\/\/educadors.text.cat\/interact\/public\/SAPS_QUE\/SAPSQ-18-10-15_castells.pdf&amp;source=gmail&amp;ust=1772530670711000&amp;usg=AOvVaw0XYWERSTGq9t8tmscUig6C\">castells<\/a>\u00a0s\u00f3n molt m\u00e9s que torres humanes: s\u00f3n s\u00edmbols vius de cohesi\u00f3, esfor\u00e7 i identitat col\u00b7lectiva. A Valls, al segle XVIII, van comen\u00e7ar a al\u00e7ar-se les primeres figures que desafiaven la gravetat i&hellip;  <a href=\"https:\/\/agora.xtec.cat\/cfasalvadordali\/portada\/els-dimarts-sumen-6\/\" title=\"Read Els dimarts sumen!\">Llegeix m\u00e9s\u00bb<\/a><\/p>\n","protected":false},"author":1,"featured_media":4283,"comment_status":"open","ping_status":"open","sticky":true,"template":"","format":"standard","meta":{"_bbp_topic_count":0,"_bbp_reply_count":0,"_bbp_total_topic_count":0,"_bbp_total_reply_count":0,"_bbp_voice_count":0,"_bbp_anonymous_reply_count":0,"_bbp_topic_count_hidden":0,"_bbp_reply_count_hidden":0,"_bbp_forum_subforum_count":0,"footnotes":""},"categories":[227,29],"tags":[],"class_list":["post-4297","post","type-post","status-publish","format-standard","has-post-thumbnail","hentry","category-els-dimarts-sumen","category-portada"],"post_mailing_queue_ids":[],"_links":{"self":[{"href":"https:\/\/agora.xtec.cat\/cfasalvadordali\/wp-json\/wp\/v2\/posts\/4297","targetHints":{"allow":["GET"]}}],"collection":[{"href":"https:\/\/agora.xtec.cat\/cfasalvadordali\/wp-json\/wp\/v2\/posts"}],"about":[{"href":"https:\/\/agora.xtec.cat\/cfasalvadordali\/wp-json\/wp\/v2\/types\/post"}],"author":[{"embeddable":true,"href":"https:\/\/agora.xtec.cat\/cfasalvadordali\/wp-json\/wp\/v2\/users\/1"}],"replies":[{"embeddable":true,"href":"https:\/\/agora.xtec.cat\/cfasalvadordali\/wp-json\/wp\/v2\/comments?post=4297"}],"version-history":[{"count":2,"href":"https:\/\/agora.xtec.cat\/cfasalvadordali\/wp-json\/wp\/v2\/posts\/4297\/revisions"}],"predecessor-version":[{"id":4299,"href":"https:\/\/agora.xtec.cat\/cfasalvadordali\/wp-json\/wp\/v2\/posts\/4297\/revisions\/4299"}],"wp:featuredmedia":[{"embeddable":true,"href":"https:\/\/agora.xtec.cat\/cfasalvadordali\/wp-json\/wp\/v2\/media\/4283"}],"wp:attachment":[{"href":"https:\/\/agora.xtec.cat\/cfasalvadordali\/wp-json\/wp\/v2\/media?parent=4297"}],"wp:term":[{"taxonomy":"category","embeddable":true,"href":"https:\/\/agora.xtec.cat\/cfasalvadordali\/wp-json\/wp\/v2\/categories?post=4297"},{"taxonomy":"post_tag","embeddable":true,"href":"https:\/\/agora.xtec.cat\/cfasalvadordali\/wp-json\/wp\/v2\/tags?post=4297"}],"curies":[{"name":"wp","href":"https:\/\/api.w.org\/{rel}","templated":true}]}}